{"id":6003,"date":"2014-09-17T18:52:28","date_gmt":"2014-09-17T17:52:28","guid":{"rendered":"http:\/\/annaroznicka.com\/blog\/?p=6003"},"modified":"2026-01-05T22:41:17","modified_gmt":"2026-01-05T21:41:17","slug":"kasia-michal-fotograf-slubny","status":"publish","type":"post","link":"http:\/\/annaroznicka.com\/blog\/2014\/kasia-michal-fotograf-slubny\/","title":{"rendered":"Kasia i Micha\u0142 | Fotograf \u015blubny"},"content":{"rendered":"<p>Dzisiaj poka\u017c\u0119 Wam reporta\u017c ze \u015blubu Kasi i Micha\u0142a.<br \/>\nWyj\u0105tkowy dzie\u0144 mia\u0142a r\u00f3wnie\u017c ich c\u00f3reczka Kaja, poniewa\u017c tego samego dnia przyj\u0119\u0142a Chrzest \u015awi\u0119ty.<\/p>\n<p>Ceremonia: Sanktuarium Mi\u0142osierdzia Bo\u017cego w Soko\u0142owie Podlaskim<br \/>\nPrzyj\u0119cie weselne: Hotel <a title=\"Stara Drukarnia Soko\u0142\u00f3w Podlaski\" href=\"http:\/\/www.staradrukarnia.com.pl\/pl\/\" target=\"_blank\" rel=\"noopener\">&#8222;Stara drukarnia&#8221;<\/a> r\u00f3wnie\u017c w Soko\u0142owie Podlaskim<\/p>\n<p><!--more--><\/p>\n<p><img decoding=\"async\" class=\"aligncenter\" title=\"reporta\u017c \u015blubny Warszawa\" src=\"http:\/\/annaroznicka.com\/zdjecia\/2014\/kasia-michal\/fotograf-slubny_kim_0075.jpg\" alt=\"fotografia \u015blubna\" \/><\/p>\n<p><img decoding=\"async\" class=\"aligncenter\" title=\"reporta\u017c \u015blubny Warszawa\" src=\"http:\/\/annaroznicka.com\/zdjecia\/2014\/kasia-michal\/fotograf-slubny_kim_0009.jpg\" alt=\"fotografia \u015blubna\" \/><\/p>\n<p><img decoding=\"async\" class=\"aligncenter\" src=\"http:\/\/annaroznicka.com\/zdjecia\/2014\/kasia-michal\/fotograf-slubny_kim_0032.jpg\" alt=\"fotografia \u015blubna\" \/><\/p>\n<p><img decoding=\"async\" class=\"aligncenter\" title=\"reporta\u017c \u015blubny Warszawa\" src=\"http:\/\/annaroznicka.com\/zdjecia\/2014\/kasia-michal\/fotograf-slubny_kim_0059.jpg\" alt=\"fotograf \u015blubny\" \/><\/p>\n<p><img decoding=\"async\" class=\"aligncenter\" title=\"reporta\u017c \u015blubny Warszawa\" src=\"http:\/\/annaroznicka.com\/zdjecia\/2014\/kasia-michal\/fotograf-slubny_kim_0067.jpg\" alt=\"fotografia \u015blubna\" \/><\/p>\n<p><img decoding=\"async\" class=\"aligncenter\" title=\"reporta\u017c \u015blubny Warszawa\" src=\"http:\/\/annaroznicka.com\/zdjecia\/2014\/kasia-michal\/fotograf-slubny_kim_0088.jpg\" alt=\"fotografia \u015blubna\" \/><\/p>\n<p><img decoding=\"async\" class=\"aligncenter\" title=\"reporta\u017c \u015blubny Warszawa\" src=\"http:\/\/annaroznicka.com\/zdjecia\/2014\/kasia-michal\/fotograf-slubny_kim_0090.jpg\" alt=\"fotografia \u015blubna\" \/><\/p>\n<p><img decoding=\"async\" class=\"aligncenter\" title=\"reporta\u017c \u015blubny Warszawa\" src=\"http:\/\/annaroznicka.com\/zdjecia\/2014\/kasia-michal\/fotograf-slubny_kim_0117.jpg\" alt=\"fotografia \u015blubna\" \/><\/p>\n<p><img decoding=\"async\" class=\"aligncenter\" title=\"reporta\u017c \u015blubny Warszawa\" src=\"http:\/\/annaroznicka.com\/zdjecia\/2014\/kasia-michal\/fotograf-slubny_kim_0122.jpg\" alt=\"fotografia \u015blubna\" \/><\/p>\n<p><img decoding=\"async\" class=\"aligncenter\" title=\"reporta\u017c \u015blubny Warszawa\" src=\"http:\/\/annaroznicka.com\/zdjecia\/2014\/kasia-michal\/fotograf-slubny_kim_0138.jpg\" alt=\"fotografia \u015blubna\" \/><\/p>\n<p><img decoding=\"async\" class=\"aligncenter\" title=\"reporta\u017c \u015blubny Warszawa\" src=\"http:\/\/annaroznicka.com\/zdjecia\/2014\/kasia-michal\/fotograf-slubny_kim_0144.jpg\" alt=\"fotograf \u015blubny\" \/><\/p>\n<p><img decoding=\"async\" class=\"aligncenter\" title=\"reporta\u017c \u015blubny Warszawa\" src=\"http:\/\/annaroznicka.com\/zdjecia\/2014\/kasia-michal\/fotograf-slubny_kim_0157.jpg\" alt=\"fotografia \u015blubna\" \/><\/p>\n<p><img decoding=\"async\" class=\"aligncenter\" title=\"reporta\u017c \u015blubny Warszawa\" src=\"http:\/\/annaroznicka.com\/zdjecia\/2014\/kasia-michal\/fotograf-slubny_kim_0172.jpg\" alt=\"fotografia \u015blubna\" \/><\/p>\n<p><img decoding=\"async\" class=\"aligncenter\" title=\"reporta\u017c \u015blubny Warszawa\" src=\"http:\/\/annaroznicka.com\/zdjecia\/2014\/kasia-michal\/fotograf-slubny_kim_0188.jpg\" alt=\"fotografia \u015blubna\" \/><\/p>\n<p><img decoding=\"async\" class=\"aligncenter\" title=\"reporta\u017c \u015blubny Warszawa\" src=\"http:\/\/annaroznicka.com\/zdjecia\/2014\/kasia-michal\/fotograf-slubny_kim_0195.jpg\" alt=\"fotografia \u015blubna\" \/><\/p>\n<p><img decoding=\"async\" class=\"aligncenter\" title=\"reporta\u017c \u015blubny Warszawa\" src=\"http:\/\/annaroznicka.com\/zdjecia\/2014\/kasia-michal\/fotograf-slubny_kim_0196.jpg\" alt=\"fotografia \u015blubna\" \/><\/p>\n<p><img decoding=\"async\" class=\"aligncenter\" title=\"reporta\u017c \u015blubny Warszawa\" src=\"http:\/\/annaroznicka.com\/zdjecia\/2014\/kasia-michal\/fotograf-slubny_kim_0200.jpg\" alt=\"fotografia \u015blubna\" \/><\/p>\n<p><img decoding=\"async\" class=\"aligncenter\" title=\"reporta\u017c \u015blubny Warszawa\" src=\"http:\/\/annaroznicka.com\/zdjecia\/2014\/kasia-michal\/fotograf-slubny_kim_0209.jpg\" alt=\"fotografia \u015blubna\" \/><\/p>\n<p><img decoding=\"async\" class=\"aligncenter\" title=\"reporta\u017c \u015blubny Warszawa\" src=\"http:\/\/annaroznicka.com\/zdjecia\/2014\/kasia-michal\/fotograf-slubny_kim_0219.jpg\" alt=\"fotografia \u015blubna\" \/><\/p>\n<p><img decoding=\"async\" class=\"aligncenter\" title=\"reporta\u017c \u015blubny Warszawa\" src=\"http:\/\/annaroznicka.com\/zdjecia\/2014\/kasia-michal\/fotograf-slubny_kim_0233.jpg\" alt=\"fotografia \u015blubna\" \/><\/p>\n<p><img decoding=\"async\" class=\"aligncenter\" title=\"reporta\u017c \u015blubny Warszawa\" src=\"http:\/\/annaroznicka.com\/zdjecia\/2014\/kasia-michal\/fotograf-slubny_kim_0253.jpg\" alt=\"fotografia \u015blubna\" \/><\/p>\n<p><img decoding=\"async\" class=\"aligncenter\" title=\"reporta\u017c \u015blubny Warszawa\" src=\"http:\/\/annaroznicka.com\/zdjecia\/2014\/kasia-michal\/fotograf-slubny_kim_0276.jpg\" alt=\"fotografia \u015blubna\" \/><\/p>\n<p><img decoding=\"async\" class=\"aligncenter\" title=\"reporta\u017c \u015blubny Warszawa\" src=\"http:\/\/annaroznicka.com\/zdjecia\/2014\/kasia-michal\/fotograf-slubny_kim_0301.jpg\" alt=\"fotografia \u015blubna\" \/><\/p>\n<p><img decoding=\"async\" class=\"aligncenter\" title=\"reporta\u017c \u015blubny Warszawa\" src=\"http:\/\/annaroznicka.com\/zdjecia\/2014\/kasia-michal\/fotograf-slubny_kim_0314.jpg\" alt=\"fotograf \u015blubny\" \/><\/p>\n<p><img decoding=\"async\" class=\"aligncenter\" title=\"reporta\u017c \u015blubny Warszawa\" src=\"http:\/\/annaroznicka.com\/zdjecia\/2014\/kasia-michal\/fotograf-slubny_kim_0331.jpg\" alt=\"fotografia \u015blubna\" \/><\/p>\n<p><img decoding=\"async\" class=\"aligncenter\" title=\"reporta\u017c \u015blubny Warszawa\" src=\"http:\/\/annaroznicka.com\/zdjecia\/2014\/kasia-michal\/fotograf-slubny_kim_0339.jpg\" alt=\"fotografia \u015blubna\" \/><\/p>\n<p><img decoding=\"async\" class=\"aligncenter\" title=\"reporta\u017c \u015blubny Warszawa\" src=\"http:\/\/annaroznicka.com\/zdjecia\/2014\/kasia-michal\/fotograf-slubny_kim_0353.jpg\" alt=\"fotografia \u015blubna\" \/><\/p>\n<p><img decoding=\"async\" class=\"aligncenter\" title=\"reporta\u017c \u015blubny Warszawa\" src=\"http:\/\/annaroznicka.com\/zdjecia\/2014\/kasia-michal\/fotograf-slubny_kim_0364.jpg\" alt=\"fotografia \u015blubna\" \/><\/p>\n<p><img decoding=\"async\" class=\"aligncenter\" title=\"reporta\u017c \u015blubny Warszawa\" src=\"http:\/\/annaroznicka.com\/zdjecia\/2014\/kasia-michal\/fotograf-slubny_kim_0389.jpg\" alt=\"fotografia \u015blubna\" \/><\/p>\n<p><img decoding=\"async\" class=\"aligncenter\" title=\"reporta\u017c \u015blubny Warszawa\" src=\"http:\/\/annaroznicka.com\/zdjecia\/2014\/kasia-michal\/fotograf-slubny_kim_0403.jpg\" alt=\"fotografia \u015blubna\" \/><\/p>\n<p><img decoding=\"async\" class=\"aligncenter\" title=\"reporta\u017c \u015blubny Warszawa\" src=\"http:\/\/annaroznicka.com\/zdjecia\/2014\/kasia-michal\/fotograf-slubny_kim_0430.jpg\" alt=\"fotografia \u015blubna\" \/><\/p>\n<p><img decoding=\"async\" class=\"aligncenter\" title=\"reporta\u017c \u015blubny Warszawa\" src=\"http:\/\/annaroznicka.com\/zdjecia\/2014\/kasia-michal\/fotograf-slubny_kim_0457.jpg\" alt=\"fotografia \u015blubna\" \/><\/p>\n<p><img decoding=\"async\" class=\"aligncenter\" title=\"reporta\u017c \u015blubny Warszawa\" src=\"http:\/\/annaroznicka.com\/zdjecia\/2014\/kasia-michal\/fotograf-slubny_kim_0464.jpg\" alt=\"fotografia \u015blubna\" \/><\/p>\n<p><img decoding=\"async\" class=\"aligncenter\" title=\"reporta\u017c \u015blubny Warszawa\" src=\"http:\/\/annaroznicka.com\/zdjecia\/2014\/kasia-michal\/fotograf-slubny_kim_0492.jpg\" alt=\"fotografia \u015blubna\" \/><\/p>\n<p><img decoding=\"async\" class=\"aligncenter\" title=\"reporta\u017c \u015blubny Warszawa\" src=\"http:\/\/annaroznicka.com\/zdjecia\/2014\/kasia-michal\/fotograf-slubny_kim_0531.jpg\" alt=\"fotografia \u015blubna\" \/><\/p>\n<p><img decoding=\"async\" class=\"aligncenter\" title=\"reporta\u017c \u015blubny Warszawa\" src=\"http:\/\/annaroznicka.com\/zdjecia\/2014\/kasia-michal\/fotograf-slubny_kim_0533.jpg\" alt=\"fotografia \u015blubna\" \/><\/p>\n<p><img decoding=\"async\" class=\"aligncenter\" title=\"reporta\u017c \u015blubny Warszawa\" src=\"http:\/\/annaroznicka.com\/zdjecia\/2014\/kasia-michal\/fotograf-slubny_kim_0544.jpg\" alt=\"fotografia \u015blubna\" \/><\/p>\n<p><img decoding=\"async\" class=\"aligncenter\" title=\"reporta\u017c \u015blubny Warszawa\" src=\"http:\/\/annaroznicka.com\/zdjecia\/2014\/kasia-michal\/fotograf-slubny_kim_0548.jpg\" alt=\"fotograf \u015blubny\" \/><\/p>\n<p><img decoding=\"async\" class=\"aligncenter\" title=\"reporta\u017c \u015blubny Warszawa\" src=\"http:\/\/annaroznicka.com\/zdjecia\/2014\/kasia-michal\/fotograf-slubny_kim_0550.jpg\" alt=\"fotografia \u015blubna\" \/><\/p>\n<p><img decoding=\"async\" class=\"aligncenter\" title=\"reporta\u017c \u015blubny Warszawa\" src=\"http:\/\/annaroznicka.com\/zdjecia\/2014\/kasia-michal\/fotograf-slubny_kim_0584.jpg\" alt=\"fotografia \u015blubna\" \/><\/p>\n<p><img decoding=\"async\" class=\"aligncenter\" title=\"reporta\u017c \u015blubny Warszawa\" src=\"http:\/\/annaroznicka.com\/zdjecia\/2014\/kasia-michal\/fotograf-slubny_kim_0589.jpg\" alt=\"fotografia \u015blubna\" \/><\/p>\n<p><img decoding=\"async\" class=\"aligncenter\" title=\"reporta\u017c \u015blubny Warszawa\" src=\"http:\/\/annaroznicka.com\/zdjecia\/2014\/kasia-michal\/fotograf-slubny_kim_0608.jpg\" alt=\"fotografia \u015blubna\" \/><\/p>\n<p><img decoding=\"async\" class=\"aligncenter\" title=\"reporta\u017c \u015blubny Warszawa\" src=\"http:\/\/annaroznicka.com\/zdjecia\/2014\/kasia-michal\/fotograf-slubny_kim_0614.jpg\" alt=\"fotografia \u015blubna\" \/><\/p>\n<p><img decoding=\"async\" class=\"aligncenter\" title=\"reporta\u017c \u015blubny Warszawa\" src=\"http:\/\/annaroznicka.com\/zdjecia\/2014\/kasia-michal\/fotograf-slubny_kim_0623.jpg\" alt=\"fotografia \u015blubna\" \/><\/p>\n<p><img decoding=\"async\" class=\"aligncenter\" title=\"reporta\u017c \u015blubny Warszawa\" src=\"http:\/\/annaroznicka.com\/zdjecia\/2014\/kasia-michal\/fotograf-slubny_kim_0630.jpg\" alt=\"fotografia \u015blubna\" \/><\/p>\n<p><img decoding=\"async\" class=\"aligncenter\" title=\"reporta\u017c \u015blubny Warszawa\" src=\"http:\/\/annaroznicka.com\/zdjecia\/2014\/kasia-michal\/fotograf-slubny_kim_0651.jpg\" alt=\"fotografia \u015blubna\" \/><\/p>\n<p><img decoding=\"async\" class=\"aligncenter\" title=\"reporta\u017c \u015blubny Warszawa\" src=\"http:\/\/annaroznicka.com\/zdjecia\/2014\/kasia-michal\/fotograf-slubny_kim_0679.jpg\" alt=\"fotografia \u015blubna\" \/><\/p>\n<p><img decoding=\"async\" class=\"aligncenter\" title=\"reporta\u017c \u015blubny Warszawa\" src=\"http:\/\/annaroznicka.com\/zdjecia\/2014\/kasia-michal\/fotograf-slubny_kim_0684.jpg\" alt=\"fotografia \u015blubna\" \/><\/p>\n<p><img decoding=\"async\" class=\"aligncenter\" title=\"reporta\u017c \u015blubny Warszawa\" src=\"http:\/\/annaroznicka.com\/zdjecia\/2014\/kasia-michal\/fotograf-slubny_kim_0696.jpg\" alt=\"fotografia \u015blubna\" \/><\/p>\n<p><img decoding=\"async\" class=\"aligncenter\" title=\"reporta\u017c \u015blubny Warszawa\" src=\"http:\/\/annaroznicka.com\/zdjecia\/2014\/kasia-michal\/fotograf-slubny_kim_0701.jpg\" alt=\"fotografia \u015blubna\" \/><\/p>\n<p><img decoding=\"async\" class=\"aligncenter\" title=\"reporta\u017c \u015blubny Warszawa\" src=\"http:\/\/annaroznicka.com\/zdjecia\/2014\/kasia-michal\/fotograf-slubny_kim_0708.jpg\" alt=\"fotografia \u015blubna\" \/><\/p>\n<p><img decoding=\"async\" class=\"aligncenter\" title=\"reporta\u017c \u015blubny Warszawa\" src=\"http:\/\/annaroznicka.com\/zdjecia\/2014\/kasia-michal\/fotograf-slubny_kim_0711.jpg\" alt=\"fotografia \u015blubna\" \/><\/p>\n<p><img decoding=\"async\" class=\"aligncenter\" title=\"reporta\u017c \u015blubny Warszawa\" src=\"http:\/\/annaroznicka.com\/zdjecia\/2014\/kasia-michal\/fotograf-slubny_kim_0725.jpg\" alt=\"fotografia \u015blubna\" \/><\/p>\n<p><img decoding=\"async\" class=\"aligncenter\" title=\"reporta\u017c \u015blubny Warszawa\" src=\"http:\/\/annaroznicka.com\/zdjecia\/2014\/kasia-michal\/fotograf-slubny_kim_0726.jpg\" alt=\"fotograf \u015blubny\" \/><\/p>\n<p><img decoding=\"async\" class=\"aligncenter\" title=\"reporta\u017c \u015blubny Warszawa\" src=\"http:\/\/annaroznicka.com\/zdjecia\/2014\/kasia-michal\/fotograf-slubny_kim_0731.jpg\" alt=\"fotografia \u015blubna\" \/><\/p>\n<p><img decoding=\"async\" class=\"aligncenter\" title=\"reporta\u017c \u015blubny Warszawa\" src=\"http:\/\/annaroznicka.com\/zdjecia\/2014\/kasia-michal\/fotograf-slubny_kim_0743.jpg\" alt=\"fotografia \u015blubna\" \/><\/p>\n<p><img decoding=\"async\" class=\"aligncenter\" title=\"reporta\u017c \u015blubny Warszawa\" src=\"http:\/\/annaroznicka.com\/zdjecia\/2014\/kasia-michal\/fotograf-slubny_kim_0750.jpg\" alt=\"fotografia \u015blubna\" \/><\/p>\n<p><img decoding=\"async\" class=\"aligncenter\" title=\"reporta\u017c \u015blubny Warszawa\" src=\"http:\/\/annaroznicka.com\/zdjecia\/2014\/kasia-michal\/fotograf-slubny_kim_0762.jpg\" alt=\"fotografia \u015blubna\" \/><\/p>\n<p><img decoding=\"async\" class=\"aligncenter\" title=\"reporta\u017c \u015blubny Warszawa\" src=\"http:\/\/annaroznicka.com\/zdjecia\/2014\/kasia-michal\/fotograf-slubny_kim_0770.jpg\" alt=\"fotografia \u015blubna\" \/><\/p>\n<p><img decoding=\"async\" class=\"aligncenter\" title=\"reporta\u017c \u015blubny Warszawa\" src=\"http:\/\/annaroznicka.com\/zdjecia\/2014\/kasia-michal\/fotograf-slubny_kim_0774.jpg\" alt=\"fotografia \u015blubna\" \/><\/p>\n<p><img decoding=\"async\" class=\"aligncenter\" title=\"reporta\u017c \u015blubny Warszawa\" src=\"http:\/\/annaroznicka.com\/zdjecia\/2014\/kasia-michal\/fotograf-slubny_kim_0792.jpg\" alt=\"fotografia \u015blubna\" \/><\/p>\n<p><img decoding=\"async\" class=\"aligncenter\" title=\"reporta\u017c \u015blubny Warszawa\" src=\"http:\/\/annaroznicka.com\/zdjecia\/2014\/kasia-michal\/fotograf-slubny_kim_0819.jpg\" alt=\"fotografia \u015blubna\" \/><\/p>\n<p><img decoding=\"async\" class=\"aligncenter\" title=\"reporta\u017c \u015blubny Warszawa\" src=\"http:\/\/annaroznicka.com\/zdjecia\/2014\/kasia-michal\/fotograf-slubny_kim_0830.jpg\" alt=\"fotografia \u015blubna\" \/><\/p>\n<p><img decoding=\"async\" class=\"aligncenter\" title=\"reporta\u017c \u015blubny Warszawa\" src=\"http:\/\/annaroznicka.com\/zdjecia\/2014\/kasia-michal\/fotograf-slubny_kim_0837.jpg\" alt=\"fotografia \u015blubna\" \/><\/p>\n<p><img decoding=\"async\" class=\"aligncenter\" title=\"reporta\u017c \u015blubny Warszawa\" src=\"http:\/\/annaroznicka.com\/zdjecia\/2014\/kasia-michal\/fotograf-slubny_kim_0860.jpg\" alt=\"fotografia \u015blubna\" \/><\/p>\n<p><img decoding=\"async\" class=\"aligncenter\" title=\"reporta\u017c \u015blubny Warszawa\" src=\"http:\/\/annaroznicka.com\/zdjecia\/2014\/kasia-michal\/fotograf-slubny_kim_0879.jpg\" alt=\"fotografia \u015blubna\" \/><\/p>\n<p><img decoding=\"async\" class=\"aligncenter\" title=\"reporta\u017c \u015blubny Warszawa\" src=\"http:\/\/annaroznicka.com\/zdjecia\/2014\/kasia-michal\/fotograf-slubny_kim_0882.jpg\" alt=\"fotografia \u015blubna\" \/><\/p>\n<p><img decoding=\"async\" class=\"aligncenter\" title=\"reporta\u017c \u015blubny Warszawa\" src=\"http:\/\/annaroznicka.com\/zdjecia\/2014\/kasia-michal\/fotograf-slubny_kim_0890.jpg\" alt=\"fotografia \u015blubna\" \/><\/p>\n<p><img decoding=\"async\" class=\"aligncenter\" title=\"reporta\u017c \u015blubny Warszawa\" src=\"http:\/\/annaroznicka.com\/zdjecia\/2014\/kasia-michal\/fotograf-slubny_kim_0916.jpg\" alt=\"fotografia \u015blubna\" \/><\/p>\n<p><img decoding=\"async\" class=\"aligncenter\" title=\"reporta\u017c \u015blubny Warszawa\" src=\"http:\/\/annaroznicka.com\/zdjecia\/2014\/kasia-michal\/fotograf-slubny_kim_0941.jpg\" alt=\"fotografia \u015blubna\" \/><\/p>\n<p><img decoding=\"async\" class=\"aligncenter\" title=\"reporta\u017c \u015blubny Warszawa\" src=\"http:\/\/annaroznicka.com\/zdjecia\/2014\/kasia-michal\/fotograf-slubny_kim_0945.jpg\" alt=\"fotograf \u015blubny\" \/><\/p>\n<p><img decoding=\"async\" class=\"aligncenter\" title=\"reporta\u017c \u015blubny Warszawa\" src=\"http:\/\/annaroznicka.com\/zdjecia\/2014\/kasia-michal\/fotograf-slubny_kim_0950.jpg\" alt=\"fotografia \u015blubna\" \/><\/p>\n<p><img decoding=\"async\" class=\"aligncenter\" title=\"reporta\u017c \u015blubny Warszawa\" src=\"http:\/\/annaroznicka.com\/zdjecia\/2014\/kasia-michal\/fotograf-slubny_kim_0959.jpg\" alt=\"fotografia \u015blubna\" \/><\/p>\n<p><img decoding=\"async\" class=\"aligncenter\" title=\"reporta\u017c \u015blubny Warszawa\" src=\"http:\/\/annaroznicka.com\/zdjecia\/2014\/kasia-michal\/fotograf-slubny_kim_0969.jpg\" alt=\"fotografia \u015blubna\" \/><\/p>\n<p><img decoding=\"async\" class=\"aligncenter\" title=\"reporta\u017c \u015blubny Warszawa\" src=\"http:\/\/annaroznicka.com\/zdjecia\/2014\/kasia-michal\/fotograf-slubny_kim_0974.jpg\" alt=\"fotografia \u015blubna\" \/><\/p>\n<p><img decoding=\"async\" class=\"aligncenter\" title=\"reporta\u017c \u015blubny Warszawa\" src=\"http:\/\/annaroznicka.com\/zdjecia\/2014\/kasia-michal\/fotograf-slubny_kim_0976.jpg\" alt=\"fotografia \u015blubna\" \/><\/p>\n<p><img decoding=\"async\" class=\"aligncenter\" title=\"reporta\u017c \u015blubny Warszawa\" src=\"http:\/\/annaroznicka.com\/zdjecia\/2014\/kasia-michal\/fotograf-slubny_kim_0990.jpg\" alt=\"fotografia \u015blubna\" \/><\/p>\n<p><img decoding=\"async\" class=\"aligncenter\" title=\"reporta\u017c \u015blubny Warszawa\" src=\"http:\/\/annaroznicka.com\/zdjecia\/2014\/kasia-michal\/fotograf-slubny_kim_1012.jpg\" alt=\"fotografia \u015blubna\" \/><\/p>\n<p><img decoding=\"async\" class=\"aligncenter\" title=\"reporta\u017c \u015blubny Warszawa\" src=\"http:\/\/annaroznicka.com\/zdjecia\/2014\/kasia-michal\/fotograf-slubny_kim_1040.jpg\" alt=\"fotografia \u015blubna\" \/><\/p>\n<p><img decoding=\"async\" class=\"aligncenter\" title=\"reporta\u017c \u015blubny Warszawa\" src=\"http:\/\/annaroznicka.com\/zdjecia\/2014\/kasia-michal\/fotograf-slubny_kim_1080.jpg\" alt=\"fotografia \u015blubna\" \/><\/p>\n<p><img decoding=\"async\" class=\"aligncenter\" title=\"reporta\u017c \u015blubny Warszawa\" src=\"http:\/\/annaroznicka.com\/zdjecia\/2014\/kasia-michal\/fotograf-slubny_kim_1102.jpg\" alt=\"fotografia \u015blubna\" \/><\/p>\n<p><img decoding=\"async\" class=\"aligncenter\" title=\"reporta\u017c \u015blubny Warszawa\" src=\"http:\/\/annaroznicka.com\/zdjecia\/2014\/kasia-michal\/fotograf-slubny_kim_1115.jpg\" alt=\"fotografia \u015blubna\" \/><\/p>\n<p><img decoding=\"async\" class=\"aligncenter\" title=\"reporta\u017c \u015blubny Warszawa\" src=\"http:\/\/annaroznicka.com\/zdjecia\/2014\/kasia-michal\/fotograf-slubny_kim_1126.jpg\" alt=\"fotografia \u015blubna\" \/><\/p>\n<p><img decoding=\"async\" class=\"aligncenter\" title=\"reporta\u017c \u015blubny Warszawa\" src=\"http:\/\/annaroznicka.com\/zdjecia\/2014\/kasia-michal\/fotograf-slubny_kim_1133.jpg\" alt=\"fotografia \u015blubna\" \/><\/p>\n<p><img decoding=\"async\" class=\"aligncenter\" title=\"reporta\u017c \u015blubny Warszawa\" src=\"http:\/\/annaroznicka.com\/zdjecia\/2014\/kasia-michal\/fotograf-slubny_kim_1135.jpg\" alt=\"fotografia \u015blubna\" \/><\/p>\n<p><img decoding=\"async\" class=\"aligncenter\" title=\"reporta\u017c \u015blubny Warszawa\" src=\"http:\/\/annaroznicka.com\/zdjecia\/2014\/kasia-michal\/fotograf-slubny_kim_1151.jpg\" alt=\"fotografia \u015blubna\" \/><\/p>\n<p><img decoding=\"async\" class=\"aligncenter\" title=\"reporta\u017c \u015blubny Warszawa\" src=\"http:\/\/annaroznicka.com\/zdjecia\/2014\/kasia-michal\/fotograf-slubny_kim_1192.jpg\" alt=\"fotografia \u015blubna\" \/><\/p>\n<p><img decoding=\"async\" class=\"aligncenter\" title=\"reporta\u017c \u015blubny Warszawa\" src=\"http:\/\/annaroznicka.com\/zdjecia\/2014\/kasia-michal\/fotograf-slubny_kim_1225.jpg\" alt=\"fotograf \u015blubny\" \/><\/p>\n<p><img decoding=\"async\" class=\"aligncenter\" title=\"reporta\u017c \u015blubny Warszawa\" src=\"http:\/\/annaroznicka.com\/zdjecia\/2014\/kasia-michal\/fotograf-slubny_kim_1238.jpg\" alt=\"fotografia \u015blubna\" \/><\/p>\n<p><img decoding=\"async\" class=\"aligncenter\" title=\"reporta\u017c \u015blubny Warszawa\" src=\"http:\/\/annaroznicka.com\/zdjecia\/2014\/kasia-michal\/fotograf-slubny_kim_1246.jpg\" alt=\"fotografia \u015blubna\" \/><\/p>\n<p><img decoding=\"async\" class=\"aligncenter\" title=\"reporta\u017c \u015blubny Warszawa\" src=\"http:\/\/annaroznicka.com\/zdjecia\/2014\/kasia-michal\/fotograf-slubny_kim_1256.jpg\" alt=\"fotografia \u015blubna\" \/><\/p>\n<p><img decoding=\"async\" class=\"aligncenter\" title=\"reporta\u017c \u015blubny Warszawa\" src=\"http:\/\/annaroznicka.com\/zdjecia\/2014\/kasia-michal\/fotograf-slubny_kim_1260.jpg\" alt=\"fotografia \u015blubna\" \/><\/p>\n<p><img decoding=\"async\" class=\"aligncenter\" title=\"reporta\u017c \u015blubny Warszawa\" src=\"http:\/\/annaroznicka.com\/zdjecia\/2014\/kasia-michal\/fotograf-slubny_kim_1304.jpg\" alt=\"fotografia \u015blubna\" \/><\/p>\n<p><img decoding=\"async\" class=\"aligncenter\" title=\"reporta\u017c \u015blubny Warszawa\" src=\"http:\/\/annaroznicka.com\/zdjecia\/2014\/kasia-michal\/fotograf-slubny_kim_1310.jpg\" alt=\"fotografia \u015blubna\" \/><\/p>\n<p><img decoding=\"async\" class=\"aligncenter\" title=\"reporta\u017c \u015blubny Warszawa\" src=\"http:\/\/annaroznicka.com\/zdjecia\/2014\/kasia-michal\/fotograf-slubny_kim_1322.jpg\" alt=\"fotografia \u015blubna\" \/><\/p>\n<p><img decoding=\"async\" class=\"aligncenter\" title=\"reporta\u017c \u015blubny Warszawa\" src=\"http:\/\/annaroznicka.com\/zdjecia\/2014\/kasia-michal\/fotograf-slubny_kim_1343.jpg\" alt=\"fotografia \u015blubna\" \/><\/p>\n<p><img decoding=\"async\" class=\"aligncenter\" title=\"reporta\u017c \u015blubny Warszawa\" src=\"http:\/\/annaroznicka.com\/zdjecia\/2014\/kasia-michal\/fotograf-slubny_kim_1363.jpg\" alt=\"fotografia \u015blubna\" \/><\/p>\n<p><img decoding=\"async\" class=\"aligncenter\" title=\"reporta\u017c \u015blubny Warszawa\" src=\"http:\/\/annaroznicka.com\/zdjecia\/2014\/kasia-michal\/fotograf-slubny_kim_1370.jpg\" alt=\"fotografia \u015blubna\" \/><\/p>\n<p><img decoding=\"async\" class=\"aligncenter\" title=\"reporta\u017c \u015blubny Warszawa\" src=\"http:\/\/annaroznicka.com\/zdjecia\/2014\/kasia-michal\/fotograf-slubny_kim_1408.jpg\" alt=\"fotografia \u015blubna\" \/><\/p>\n<p><img decoding=\"async\" class=\"aligncenter\" title=\"reporta\u017c \u015blubny Warszawa\" src=\"http:\/\/annaroznicka.com\/zdjecia\/2014\/kasia-michal\/fotograf-slubny_kim_1419.jpg\" alt=\"fotografia \u015blubna\" \/><\/p>\n<p><img decoding=\"async\" class=\"aligncenter\" title=\"reporta\u017c \u015blubny Warszawa\" src=\"http:\/\/annaroznicka.com\/zdjecia\/2014\/kasia-michal\/fotograf-slubny_kim_1429.jpg\" alt=\"fotografia \u015blubna\" \/><\/p>\n<p><img decoding=\"async\" class=\"aligncenter\" title=\"reporta\u017c \u015blubny Warszawa\" src=\"http:\/\/annaroznicka.com\/zdjecia\/2014\/kasia-michal\/fotograf-slubny_kim_1455.jpg\" alt=\"fotografia \u015blubna\" \/><\/p>\n<p><img decoding=\"async\" class=\"aligncenter\" title=\"reporta\u017c \u015blubny Warszawa\" src=\"http:\/\/annaroznicka.com\/zdjecia\/2014\/kasia-michal\/fotograf-slubny_kim_1477.jpg\" alt=\"fotografia \u015blubna\" \/><\/p>\n<p><img decoding=\"async\" class=\"aligncenter\" title=\"reporta\u017c \u015blubny Warszawa\" src=\"http:\/\/annaroznicka.com\/zdjecia\/2014\/kasia-michal\/fotograf-slubny_kim_1493.jpg\" alt=\"fotografia \u015blubna\" \/><\/p>\n<p><img decoding=\"async\" class=\"aligncenter\" title=\"reporta\u017c \u015blubny Warszawa\" src=\"http:\/\/annaroznicka.com\/zdjecia\/2014\/kasia-michal\/fotograf-slubny_kim_1503.jpg\" alt=\"fotografia \u015blubna\" \/><\/p>\n<p><img decoding=\"async\" class=\"aligncenter\" title=\"reporta\u017c \u015blubny Warszawa\" src=\"http:\/\/annaroznicka.com\/zdjecia\/2014\/kasia-michal\/fotograf-slubny_kim_1558.jpg\" alt=\"fotograf \u015blubny\" \/><\/p>\n<p><img decoding=\"async\" class=\"aligncenter\" title=\"reporta\u017c \u015blubny Warszawa\" src=\"http:\/\/annaroznicka.com\/zdjecia\/2014\/kasia-michal\/fotograf-slubny_kim_1561.jpg\" alt=\"fotografia \u015blubna\" \/><\/p>\n<p><img decoding=\"async\" class=\"aligncenter\" title=\"reporta\u017c \u015blubny Warszawa\" src=\"http:\/\/annaroznicka.com\/zdjecia\/2014\/kasia-michal\/fotograf-slubny_kim_1564.jpg\" alt=\"fotografia \u015blubna\" \/><\/p>\n<p><img decoding=\"async\" class=\"aligncenter\" title=\"reporta\u017c \u015blubny Warszawa\" src=\"http:\/\/annaroznicka.com\/zdjecia\/2014\/kasia-michal\/fotograf-slubny_kim_1570.jpg\" alt=\"fotografia \u015blubna\" \/><\/p>\n<p><img decoding=\"async\" class=\"aligncenter\" title=\"reporta\u017c \u015blubny Warszawa\" src=\"http:\/\/annaroznicka.com\/zdjecia\/2014\/kasia-michal\/fotograf-slubny_kim_1613.jpg\" alt=\"fotografia \u015blubna\" \/><\/p>\n<p><img decoding=\"async\" class=\"aligncenter\" title=\"reporta\u017c \u015blubny Warszawa\" src=\"http:\/\/annaroznicka.com\/zdjecia\/2014\/kasia-michal\/fotograf-slubny_kim_1627.jpg\" alt=\"fotografia \u015blubna\" \/><\/p>\n<p><img decoding=\"async\" class=\"aligncenter\" title=\"reporta\u017c \u015blubny Warszawa\" src=\"http:\/\/annaroznicka.com\/zdjecia\/2014\/kasia-michal\/fotograf-slubny_kim_1721.jpg\" alt=\"fotografia \u015blubna\" \/><\/p>\n<p><img decoding=\"async\" class=\"aligncenter\" title=\"reporta\u017c \u015blubny Warszawa\" src=\"http:\/\/annaroznicka.com\/zdjecia\/2014\/kasia-michal\/fotograf-slubny_kim_1733.jpg\" alt=\"fotografia \u015blubna\" \/><\/p>\n<p><img decoding=\"async\" class=\"aligncenter\" title=\"reporta\u017c \u015blubny Warszawa\" src=\"http:\/\/annaroznicka.com\/zdjecia\/2014\/kasia-michal\/fotograf-slubny_kim_1768.jpg\" alt=\"fotografia \u015blubna\" \/><\/p>\n<p><img decoding=\"async\" class=\"aligncenter\" title=\"reporta\u017c \u015blubny Warszawa\" src=\"http:\/\/annaroznicka.com\/zdjecia\/2014\/kasia-michal\/fotograf-slubny_kim_1785.jpg\" alt=\"fotografia \u015blubna\" \/><\/p>\n<p><img decoding=\"async\" class=\"aligncenter\" title=\"reporta\u017c \u015blubny Warszawa\" src=\"http:\/\/annaroznicka.com\/zdjecia\/2014\/kasia-michal\/fotograf-slubny_kim_1803.jpg\" alt=\"fotografia \u015blubna\" \/><\/p>\n<p><img decoding=\"async\" class=\"aligncenter\" title=\"reporta\u017c \u015blubny Warszawa\" src=\"http:\/\/annaroznicka.com\/zdjecia\/2014\/kasia-michal\/fotograf-slubny_kim_1804.jpg\" alt=\"fotografia \u015blubna\" \/><\/p>\n<p><img decoding=\"async\" class=\"aligncenter\" title=\"reporta\u017c \u015blubny Warszawa\" src=\"http:\/\/annaroznicka.com\/zdjecia\/2014\/kasia-michal\/fotograf-slubny_kim_1825.jpg\" alt=\"fotografia \u015blubna\" \/><\/p>\n<p><img decoding=\"async\" class=\"aligncenter\" title=\"reporta\u017c \u015blubny Warszawa\" src=\"http:\/\/annaroznicka.com\/zdjecia\/2014\/kasia-michal\/fotograf-slubny_kim_1853.jpg\" alt=\"fotografia \u015blubna\" \/><\/p>\n<p><img decoding=\"async\" class=\"aligncenter\" title=\"reporta\u017c \u015blubny Warszawa\" src=\"http:\/\/annaroznicka.com\/zdjecia\/2014\/kasia-michal\/fotograf-slubny_kim_2019.jpg\" alt=\"fotografia \u015blubna\" \/><\/p>\n<p><img decoding=\"async\" class=\"aligncenter\" title=\"reporta\u017c \u015blubny Warszawa\" src=\"http:\/\/annaroznicka.com\/zdjecia\/2014\/kasia-michal\/fotograf-slubny_kim_2037.jpg\" alt=\"fotografia \u015blubna\" \/><\/p>\n<p><img decoding=\"async\" class=\"aligncenter\" title=\"reporta\u017c \u015blubny Warszawa\" src=\"http:\/\/annaroznicka.com\/zdjecia\/2014\/kasia-michal\/fotograf-slubny_kim_2043.jpg\" alt=\"fotografia \u015blubna\" \/><\/p>\n<p><img decoding=\"async\" class=\"aligncenter\" title=\"reporta\u017c \u015blubny Warszawa\" src=\"http:\/\/annaroznicka.com\/zdjecia\/2014\/kasia-michal\/fotograf-slubny_kim_2050.jpg\" alt=\"fotografia \u015blubna\" \/><\/p>\n<p><img decoding=\"async\" class=\"aligncenter\" title=\"reporta\u017c \u015blubny Warszawa\" src=\"http:\/\/annaroznicka.com\/zdjecia\/2014\/kasia-michal\/fotograf-slubny_kim_2066.jpg\" alt=\"fotograf \u015blubny\" \/><\/p>\n<p><img decoding=\"async\" class=\"aligncenter\" title=\"reporta\u017c \u015blubny Warszawa\" src=\"http:\/\/annaroznicka.com\/zdjecia\/2014\/kasia-michal\/fotograf-slubny_kim_2117.jpg\" alt=\"fotografia \u015blubna\" \/><\/p>\n<p><img decoding=\"async\" class=\"aligncenter\" title=\"reporta\u017c \u015blubny Warszawa\" src=\"http:\/\/annaroznicka.com\/zdjecia\/2014\/kasia-michal\/fotograf-slubny_kim_2132.jpg\" alt=\"fotografia \u015blubna\" \/><\/p>\n<p><img decoding=\"async\" class=\"aligncenter\" title=\"reporta\u017c \u015blubny Warszawa\" src=\"http:\/\/annaroznicka.com\/zdjecia\/2014\/kasia-michal\/fotograf-slubny_kim_2151.jpg\" alt=\"fotografia \u015blubna\" \/><\/p>\n<p><img decoding=\"async\" class=\"aligncenter\" title=\"reporta\u017c \u015blubny Warszawa\" src=\"http:\/\/annaroznicka.com\/zdjecia\/2014\/kasia-michal\/fotograf-slubny_kim_2162.jpg\" alt=\"fotografia \u015blubna\" \/><\/p>\n<p><img decoding=\"async\" class=\"aligncenter\" title=\"reporta\u017c \u015blubny Warszawa\" src=\"http:\/\/annaroznicka.com\/zdjecia\/2014\/kasia-michal\/fotograf-slubny_kim_2213.jpg\" alt=\"fotografia \u015blubna\" \/><\/p>\n<p><img decoding=\"async\" class=\"aligncenter\" title=\"reporta\u017c \u015blubny Warszawa\" src=\"http:\/\/annaroznicka.com\/zdjecia\/2014\/kasia-michal\/fotograf-slubny_kim_2215.jpg\" alt=\"fotografia \u015blubna\" \/><\/p>\n<p><img decoding=\"async\" class=\"aligncenter\" title=\"reporta\u017c \u015blubny Warszawa\" src=\"http:\/\/annaroznicka.com\/zdjecia\/2014\/kasia-michal\/fotograf-slubny_kim_2235.jpg\" alt=\"fotografia \u015blubna\" \/><\/p>\n<p><img decoding=\"async\" class=\"aligncenter\" title=\"reporta\u017c \u015blubny Warszawa\" src=\"http:\/\/annaroznicka.com\/zdjecia\/2014\/kasia-michal\/fotograf-slubny_kim_2260.jpg\" alt=\"fotografia \u015blubna\" \/><\/p>\n<p><img decoding=\"async\" class=\"aligncenter\" title=\"reporta\u017c \u015blubny Warszawa\" src=\"http:\/\/annaroznicka.com\/zdjecia\/2014\/kasia-michal\/fotograf-slubny_kim_2280.jpg\" alt=\"fotografia \u015blubna\" \/><\/p>\n<p><img decoding=\"async\" class=\"aligncenter\" title=\"reporta\u017c \u015blubny Warszawa\" src=\"http:\/\/annaroznicka.com\/zdjecia\/2014\/kasia-michal\/fotograf-slubny_kim_2324.jpg\" alt=\"fotografia \u015blubna\" \/><\/p>\n<p><img decoding=\"async\" class=\"aligncenter\" title=\"reporta\u017c \u015blubny Warszawa\" src=\"http:\/\/annaroznicka.com\/zdjecia\/2014\/kasia-michal\/fotograf-slubny_kim_2362.jpg\" alt=\"fotografia \u015blubna\" \/><\/p>\n<p><img decoding=\"async\" class=\"aligncenter\" title=\"reporta\u017c \u015blubny Warszawa\" src=\"http:\/\/annaroznicka.com\/zdjecia\/2014\/kasia-michal\/fotograf-slubny_kim_2379.jpg\" alt=\"fotografia \u015blubna\" \/><\/p>\n<p><img decoding=\"async\" class=\"aligncenter\" title=\"reporta\u017c \u015blubny Warszawa\" src=\"http:\/\/annaroznicka.com\/zdjecia\/2014\/kasia-michal\/fotograf-slubny_kim_2391.jpg\" alt=\"fotografia \u015blubna\" \/><\/p>\n<p><img decoding=\"async\" class=\"aligncenter\" title=\"reporta\u017c \u015blubny Warszawa\" src=\"http:\/\/annaroznicka.com\/zdjecia\/2014\/kasia-michal\/fotograf-slubny_kim_2421.jpg\" alt=\"fotografia \u015blubna\" \/><\/p>\n<p><img decoding=\"async\" class=\"aligncenter\" title=\"reporta\u017c \u015blubny Warszawa\" src=\"http:\/\/annaroznicka.com\/zdjecia\/2014\/kasia-michal\/fotograf-slubny_kim_2445.jpg\" alt=\"fotografia \u015blubna\" \/><\/p>\n<p><img decoding=\"async\" class=\"aligncenter\" title=\"reporta\u017c \u015blubny Warszawa\" src=\"http:\/\/annaroznicka.com\/zdjecia\/2014\/kasia-michal\/fotograf-slubny_kim_2473.jpg\" alt=\"fotografia \u015blubna\" \/><\/p>\n<p><img decoding=\"async\" class=\"aligncenter\" title=\"reporta\u017c \u015blubny Warszawa\" src=\"http:\/\/annaroznicka.com\/zdjecia\/2014\/kasia-michal\/fotograf-slubny_kim_2486.jpg\" alt=\"fotografia \u015blubna\" \/><\/p>\n<p><img decoding=\"async\" class=\"aligncenter\" title=\"reporta\u017c \u015blubny Warszawa\" src=\"http:\/\/annaroznicka.com\/zdjecia\/2014\/kasia-michal\/fotograf-slubny_kim_2501.jpg\" alt=\"fotografia \u015blubna\" \/><\/p>\n<p><img decoding=\"async\" class=\"aligncenter\" title=\"reporta\u017c \u015blubny Warszawa\" src=\"http:\/\/annaroznicka.com\/zdjecia\/2014\/kasia-michal\/fotograf-slubny_kim_2646.jpg\" alt=\"fotograf \u015blubny\" \/><\/p>\n<p><img decoding=\"async\" class=\"aligncenter\" title=\"reporta\u017c \u015blubny Warszawa\" src=\"http:\/\/annaroznicka.com\/zdjecia\/2014\/kasia-michal\/fotograf-slubny_kim_2515.jpg\" alt=\"fotografia \u015blubna\" \/><\/p>\n<p><img decoding=\"async\" class=\"aligncenter\" title=\"reporta\u017c \u015blubny Warszawa\" src=\"http:\/\/annaroznicka.com\/zdjecia\/2014\/kasia-michal\/fotograf-slubny_kim_2531.jpg\" alt=\"fotografia \u015blubna\" \/><\/p>\n<p><img decoding=\"async\" class=\"aligncenter\" title=\"reporta\u017c \u015blubny Warszawa\" src=\"http:\/\/annaroznicka.com\/zdjecia\/2014\/kasia-michal\/fotograf-slubny_kim_2561.jpg\" alt=\"fotografia \u015blubna\" \/><\/p>\n<p><img decoding=\"async\" class=\"aligncenter\" title=\"reporta\u017c \u015blubny Warszawa\" src=\"http:\/\/annaroznicka.com\/zdjecia\/2014\/kasia-michal\/fotograf-slubny_kim_2584.jpg\" alt=\"fotografia \u015blubna\" \/><\/p>\n<p><img decoding=\"async\" class=\"aligncenter\" title=\"reporta\u017c \u015blubny Warszawa\" src=\"http:\/\/annaroznicka.com\/zdjecia\/2014\/kasia-michal\/fotograf-slubny_kim_2586.jpg\" alt=\"fotografia \u015blubna\" \/><\/p>\n<p><img decoding=\"async\" class=\"aligncenter\" title=\"reporta\u017c \u015blubny Warszawa\" src=\"http:\/\/annaroznicka.com\/zdjecia\/2014\/kasia-michal\/fotograf-slubny_kim_2625.jpg\" alt=\"fotografia \u015blubna\" \/><\/p>\n<p><img decoding=\"async\" class=\"aligncenter\" title=\"reporta\u017c \u015blubny Warszawa\" src=\"http:\/\/annaroznicka.com\/zdjecia\/2014\/kasia-michal\/fotograf-slubny_kim_2633.jpg\" alt=\"fotografia \u015blubna\" \/><\/p>\n<p><img decoding=\"async\" class=\"aligncenter\" title=\"reporta\u017c \u015blubny Warszawa\" src=\"http:\/\/annaroznicka.com\/zdjecia\/2014\/kasia-michal\/fotograf-slubny_kim_2659.jpg\" alt=\"fotografia \u015blubna\" \/><\/p>\n<p><img decoding=\"async\" class=\"aligncenter\" title=\"reporta\u017c \u015blubny Warszawa\" src=\"http:\/\/annaroznicka.com\/zdjecia\/2014\/kasia-michal\/fotograf-slubny_kim_2675.jpg\" alt=\"fotografia \u015blubna\" \/><\/p>\n<p><img decoding=\"async\" class=\"aligncenter\" title=\"reporta\u017c \u015blubny Warszawa\" src=\"http:\/\/annaroznicka.com\/zdjecia\/2014\/kasia-michal\/fotograf-slubny_kim_2737.jpg\" alt=\"fotografia \u015blubna\" \/><\/p>\n<p><img decoding=\"async\" class=\"aligncenter\" title=\"reporta\u017c \u015blubny Warszawa\" src=\"http:\/\/annaroznicka.com\/zdjecia\/2014\/kasia-michal\/fotograf-slubny_kim_2739.jpg\" alt=\"fotografia \u015blubna\" \/><\/p>\n<p><img decoding=\"async\" class=\"aligncenter\" title=\"reporta\u017c \u015blubny Warszawa\" src=\"http:\/\/annaroznicka.com\/zdjecia\/2014\/kasia-michal\/fotograf-slubny_kim_2726.jpg\" alt=\"fotografia \u015blubna\" \/><\/p>\n<p><img decoding=\"async\" class=\"aligncenter\" title=\"reporta\u017c \u015blubny Warszawa\" src=\"http:\/\/annaroznicka.com\/zdjecia\/2014\/kasia-michal\/fotograf-slubny_kim_2806.jpg\" alt=\"fotografia \u015blubna\" \/><\/p>\n<p><img decoding=\"async\" class=\"aligncenter\" title=\"reporta\u017c \u015blubny Warszawa\" src=\"http:\/\/annaroznicka.com\/zdjecia\/2014\/kasia-michal\/fotograf-slubny_kim_2873.jpg\" alt=\"fotografia \u015blubna\" \/><\/p>\n<p><img decoding=\"async\" class=\"aligncenter\" title=\"reporta\u017c \u015blubny Warszawa\" src=\"http:\/\/annaroznicka.com\/zdjecia\/2014\/kasia-michal\/fotograf-slubny_kim_2892.jpg\" alt=\"fotografia \u015blubna\" \/><\/p>\n<p><img decoding=\"async\" class=\"aligncenter\" title=\"reporta\u017c \u015blubny Warszawa\" src=\"http:\/\/annaroznicka.com\/zdjecia\/2014\/kasia-michal\/fotograf-slubny_kim_2910.jpg\" alt=\"fotografia \u015blubna\" \/><\/p>\n<p><img decoding=\"async\" class=\"aligncenter\" title=\"reporta\u017c \u015blubny Warszawa\" src=\"http:\/\/annaroznicka.com\/zdjecia\/2014\/kasia-michal\/fotograf-slubny_kim_2981.jpg\" alt=\"fotograf \u015blubny\" \/><\/p>\n<p><img decoding=\"async\" class=\"aligncenter\" title=\"reporta\u017c \u015blubny Warszawa\" src=\"http:\/\/annaroznicka.com\/zdjecia\/2014\/kasia-michal\/fotograf-slubny_kim_2983.jpg\" alt=\"fotografia \u015blubna\" \/><\/p>\n<p><img decoding=\"async\" class=\"aligncenter\" title=\"reporta\u017c \u015blubny Warszawa\" src=\"http:\/\/annaroznicka.com\/zdjecia\/2014\/kasia-michal\/fotograf-slubny_kim_3065.jpg\" alt=\"fotografia \u015blubna\" \/><\/p>\n<p><img decoding=\"async\" class=\"aligncenter\" title=\"reporta\u017c \u015blubny Warszawa\" src=\"http:\/\/annaroznicka.com\/zdjecia\/2014\/kasia-michal\/fotograf-slubny_kim_3081.jpg\" alt=\"fotografia \u015blubna\" \/><\/p>\n<p><img decoding=\"async\" class=\"aligncenter\" title=\"reporta\u017c \u015blubny Warszawa\" src=\"http:\/\/annaroznicka.com\/zdjecia\/2014\/kasia-michal\/fotograf-slubny_kim_3153.jpg\" alt=\"fotografia \u015blubna\" \/><\/p>\n<p><img decoding=\"async\" class=\"aligncenter\" title=\"reporta\u017c \u015blubny Warszawa\" src=\"http:\/\/annaroznicka.com\/zdjecia\/2014\/kasia-michal\/fotograf-slubny_kim_3169.jpg\" alt=\"fotografia \u015blubna\" \/><\/p>\n<p><img decoding=\"async\" class=\"aligncenter\" title=\"reporta\u017c \u015blubny Warszawa\" src=\"http:\/\/annaroznicka.com\/zdjecia\/2014\/kasia-michal\/fotograf-slubny_kim_3200.jpg\" alt=\"fotografia \u015blubna\" \/><\/p>\n<p><img decoding=\"async\" class=\"aligncenter\" title=\"reporta\u017c \u015blubny Warszawa\" src=\"http:\/\/annaroznicka.com\/zdjecia\/2014\/kasia-michal\/fotograf-slubny_kim_3130.jpg\" alt=\"fotografia \u015blubna\" \/><\/p>\n<p><img decoding=\"async\" class=\"aligncenter\" title=\"reporta\u017c \u015blubny Warszawa\" src=\"http:\/\/annaroznicka.com\/zdjecia\/2014\/kasia-michal\/fotograf-slubny_kim_3304.jpg\" alt=\"fotografia \u015blubna\" \/><\/p>\n<p><img decoding=\"async\" class=\"aligncenter\" title=\"reporta\u017c \u015blubny Warszawa\" src=\"http:\/\/annaroznicka.com\/zdjecia\/2014\/kasia-michal\/fotograf-slubny_kim_3316.jpg\" alt=\"fotografia \u015blubna\" \/><\/p>\n<p><img decoding=\"async\" class=\"aligncenter\" title=\"reporta\u017c \u015blubny Warszawa\" src=\"http:\/\/annaroznicka.com\/zdjecia\/2014\/kasia-michal\/fotograf-slubny_kim_3330.jpg\" alt=\"fotografia \u015blubna\" \/><\/p>\n<p><img decoding=\"async\" class=\"aligncenter\" title=\"reporta\u017c \u015blubny Warszawa\" src=\"http:\/\/annaroznicka.com\/zdjecia\/2014\/kasia-michal\/fotograf-slubny_kim_3376.jpg\" alt=\"fotografia \u015blubna\" \/><\/p>\n<h3><\/h3>\n","protected":false},"excerpt":{"rendered":"<p>Dzisiaj poka\u017c\u0119 Wam reporta\u017c ze \u015blubu Kasi i Micha\u0142a. Wyj\u0105tkowy dzie\u0144 mia\u0142a r\u00f3wnie\u017c ich c\u00f3reczka Kaja, poniewa\u017c tego samego dnia przyj\u0119\u0142a Chrzest \u015awi\u0119ty. Ceremonia: Sanktuarium Mi\u0142osierdzia Bo\u017cego w Soko\u0142owie Podlaskim Przyj\u0119cie weselne: Hotel &#8222;Stara drukarnia&#8221; r\u00f3wnie\u017c w Soko\u0142owie Podlaskim<\/p>\n","protected":false},"author":1,"featured_media":6007,"comment_status":"open","ping_status":"open","sticky":false,"template":"","format":"standard","meta":{"_eb_attr":"","_uag_custom_page_level_css":"","neve_meta_sidebar":"","neve_meta_container":"","neve_meta_enable_content_width":"","neve_meta_content_width":0,"neve_meta_title_alignment":"","neve_meta_author_avatar":"","neve_post_elements_order":"","neve_meta_disable_header":"","neve_meta_disable_footer":"","neve_meta_disable_title":"","_themeisle_gutenberg_block_has_review":false,"footnotes":""},"categories":[110],"tags":[],"class_list":["post-6003","post","type-post","status-publish","format-standard","has-post-thumbnail","hentry","category-slub"],"featured_image_src":"http:\/\/annaroznicka.com\/blog\/wp-content\/uploads\/2014\/09\/KiM_0589.jpg","author_info":{"display_name":"Anna R\u00f3\u017cnicka","author_link":"http:\/\/annaroznicka.com\/blog\/author\/admin\/"},"yoast_head":"<!-- This site is optimized with the Yoast SEO plugin v26.8 - https:\/\/yoast.com\/product\/yoast-seo-wordpress\/ -->\n<title>Fotograf \u015blubny | Kasia i Micha\u0142 | Soko\u0142\u00f3w Podlaski, mazowieckie<\/title>\n<meta name=\"description\" content=\"Reporta\u017c ze \u015blubu Kasi i Micha\u0142a. Wyj\u0105tkowy dzie\u0144 mia\u0142a r\u00f3wnie\u017c ich c\u00f3reczka Kaja, kt\u00f3ra przyj\u0119\u0142a Chrzest \u015awi\u0119ty\" \/>\n<meta name=\"robots\" content=\"index, follow, max-snippet:-1, max-image-preview:large, max-video-preview:-1\" \/>\n<link rel=\"canonical\" href=\"http:\/\/annaroznicka.com\/blog\/2014\/kasia-michal-fotograf-slubny\/\" \/>\n<meta property=\"og:locale\" content=\"pl_PL\" \/>\n<meta property=\"og:type\" content=\"article\" \/>\n<meta property=\"og:title\" content=\"Fotograf \u015blubny | Kasia i Micha\u0142 | Soko\u0142\u00f3w Podlaski, mazowieckie\" \/>\n<meta property=\"og:description\" content=\"Reporta\u017c ze \u015blubu Kasi i Micha\u0142a. Wyj\u0105tkowy dzie\u0144 mia\u0142a r\u00f3wnie\u017c ich c\u00f3reczka Kaja, kt\u00f3ra przyj\u0119\u0142a Chrzest \u015awi\u0119ty\" \/>\n<meta property=\"og:url\" content=\"http:\/\/annaroznicka.com\/blog\/2014\/kasia-michal-fotograf-slubny\/\" \/>\n<meta property=\"og:site_name\" content=\"Anna R\u00f3\u017cnicka | photography\" \/>\n<meta property=\"article:publisher\" content=\"https:\/\/www.facebook.com\/AnnaRoznickaPhotography\/\" \/>\n<meta property=\"article:author\" content=\"https:\/\/www.facebook.com\/AnnaRoznickaPhotography\/\" \/>\n<meta property=\"article:published_time\" content=\"2014-09-17T17:52:28+00:00\" \/>\n<meta property=\"article:modified_time\" content=\"2026-01-05T21:41:17+00:00\" \/>\n<meta property=\"og:image\" content=\"http:\/\/annaroznicka.com\/blog\/wp-content\/uploads\/2014\/09\/KiM_0589.jpg\" \/>\n\t<meta property=\"og:image:width\" content=\"300\" \/>\n\t<meta property=\"og:image:height\" content=\"300\" \/>\n\t<meta property=\"og:image:type\" content=\"image\/jpeg\" \/>\n<meta name=\"author\" content=\"Anna R\u00f3\u017cnicka\" \/>\n<meta name=\"twitter:label1\" content=\"Napisane przez\" \/>\n\t<meta name=\"twitter:data1\" content=\"Anna R\u00f3\u017cnicka\" \/>\n\t<meta name=\"twitter:label2\" content=\"Szacowany czas czytania\" \/>\n\t<meta name=\"twitter:data2\" content=\"35 minut\" \/>\n<script type=\"application\/ld+json\" class=\"yoast-schema-graph\">{\"@context\":\"https:\/\/schema.org\",\"@graph\":[{\"@type\":\"Article\",\"@id\":\"http:\/\/annaroznicka.com\/blog\/2014\/kasia-michal-fotograf-slubny\/#article\",\"isPartOf\":{\"@id\":\"http:\/\/annaroznicka.com\/blog\/2014\/kasia-michal-fotograf-slubny\/\"},\"author\":{\"name\":\"Anna R\u00f3\u017cnicka\",\"@id\":\"http:\/\/annaroznicka.com\/blog\/#\/schema\/person\/8a89af41bcef3cd79a8a4cfb81e6a13d\"},\"headline\":\"Kasia i Micha\u0142 | Fotograf \u015blubny\",\"datePublished\":\"2014-09-17T17:52:28+00:00\",\"dateModified\":\"2026-01-05T21:41:17+00:00\",\"mainEntityOfPage\":{\"@id\":\"http:\/\/annaroznicka.com\/blog\/2014\/kasia-michal-fotograf-slubny\/\"},\"wordCount\":57,\"commentCount\":4,\"publisher\":{\"@id\":\"http:\/\/annaroznicka.com\/blog\/#\/schema\/person\/8a89af41bcef3cd79a8a4cfb81e6a13d\"},\"image\":{\"@id\":\"http:\/\/annaroznicka.com\/blog\/2014\/kasia-michal-fotograf-slubny\/#primaryimage\"},\"thumbnailUrl\":\"http:\/\/annaroznicka.com\/blog\/wp-content\/uploads\/2014\/09\/KiM_0589.jpg\",\"articleSection\":[\"\u015alub\"],\"inLanguage\":\"pl-PL\",\"potentialAction\":[{\"@type\":\"CommentAction\",\"name\":\"Comment\",\"target\":[\"http:\/\/annaroznicka.com\/blog\/2014\/kasia-michal-fotograf-slubny\/#respond\"]}]},{\"@type\":\"WebPage\",\"@id\":\"http:\/\/annaroznicka.com\/blog\/2014\/kasia-michal-fotograf-slubny\/\",\"url\":\"http:\/\/annaroznicka.com\/blog\/2014\/kasia-michal-fotograf-slubny\/\",\"name\":\"Fotograf \u015blubny | Kasia i Micha\u0142 | Soko\u0142\u00f3w Podlaski, mazowieckie\",\"isPartOf\":{\"@id\":\"http:\/\/annaroznicka.com\/blog\/#website\"},\"primaryImageOfPage\":{\"@id\":\"http:\/\/annaroznicka.com\/blog\/2014\/kasia-michal-fotograf-slubny\/#primaryimage\"},\"image\":{\"@id\":\"http:\/\/annaroznicka.com\/blog\/2014\/kasia-michal-fotograf-slubny\/#primaryimage\"},\"thumbnailUrl\":\"http:\/\/annaroznicka.com\/blog\/wp-content\/uploads\/2014\/09\/KiM_0589.jpg\",\"datePublished\":\"2014-09-17T17:52:28+00:00\",\"dateModified\":\"2026-01-05T21:41:17+00:00\",\"description\":\"Reporta\u017c ze \u015blubu Kasi i Micha\u0142a. Wyj\u0105tkowy dzie\u0144 mia\u0142a r\u00f3wnie\u017c ich c\u00f3reczka Kaja, kt\u00f3ra przyj\u0119\u0142a Chrzest \u015awi\u0119ty\",\"breadcrumb\":{\"@id\":\"http:\/\/annaroznicka.com\/blog\/2014\/kasia-michal-fotograf-slubny\/#breadcrumb\"},\"inLanguage\":\"pl-PL\",\"potentialAction\":[{\"@type\":\"ReadAction\",\"target\":[\"http:\/\/annaroznicka.com\/blog\/2014\/kasia-michal-fotograf-slubny\/\"]}]},{\"@type\":\"ImageObject\",\"inLanguage\":\"pl-PL\",\"@id\":\"http:\/\/annaroznicka.com\/blog\/2014\/kasia-michal-fotograf-slubny\/#primaryimage\",\"url\":\"http:\/\/annaroznicka.com\/blog\/wp-content\/uploads\/2014\/09\/KiM_0589.jpg\",\"contentUrl\":\"http:\/\/annaroznicka.com\/blog\/wp-content\/uploads\/2014\/09\/KiM_0589.jpg\",\"width\":300,\"height\":300},{\"@type\":\"BreadcrumbList\",\"@id\":\"http:\/\/annaroznicka.com\/blog\/2014\/kasia-michal-fotograf-slubny\/#breadcrumb\",\"itemListElement\":[{\"@type\":\"ListItem\",\"position\":1,\"name\":\"Strona g\u0142\u00f3wna\",\"item\":\"http:\/\/annaroznicka.com\/blog\/\"},{\"@type\":\"ListItem\",\"position\":2,\"name\":\"Kasia i Micha\u0142 | Fotograf \u015blubny\"}]},{\"@type\":\"WebSite\",\"@id\":\"http:\/\/annaroznicka.com\/blog\/#website\",\"url\":\"http:\/\/annaroznicka.com\/blog\/\",\"name\":\"Anna R\u00f3\u017cnicka | photography\",\"description\":\"BLOG ARCHIWALNY\",\"publisher\":{\"@id\":\"http:\/\/annaroznicka.com\/blog\/#\/schema\/person\/8a89af41bcef3cd79a8a4cfb81e6a13d\"},\"potentialAction\":[{\"@type\":\"SearchAction\",\"target\":{\"@type\":\"EntryPoint\",\"urlTemplate\":\"http:\/\/annaroznicka.com\/blog\/?s={search_term_string}\"},\"query-input\":{\"@type\":\"PropertyValueSpecification\",\"valueRequired\":true,\"valueName\":\"search_term_string\"}}],\"inLanguage\":\"pl-PL\"},{\"@type\":[\"Person\",\"Organization\"],\"@id\":\"http:\/\/annaroznicka.com\/blog\/#\/schema\/person\/8a89af41bcef3cd79a8a4cfb81e6a13d\",\"name\":\"Anna R\u00f3\u017cnicka\",\"image\":{\"@type\":\"ImageObject\",\"inLanguage\":\"pl-PL\",\"@id\":\"http:\/\/annaroznicka.com\/blog\/#\/schema\/person\/image\/\",\"url\":\"http:\/\/annaroznicka.com\/blog\/wp-content\/uploads\/2026\/01\/IMG_3345poprawione2.jpg\",\"contentUrl\":\"http:\/\/annaroznicka.com\/blog\/wp-content\/uploads\/2026\/01\/IMG_3345poprawione2.jpg\",\"width\":547,\"height\":547,\"caption\":\"Anna R\u00f3\u017cnicka\"},\"logo\":{\"@id\":\"http:\/\/annaroznicka.com\/blog\/#\/schema\/person\/image\/\"},\"sameAs\":[\"http:\/\/annaroznicka.com\",\"https:\/\/www.facebook.com\/AnnaRoznickaPhotography\/\",\"https:\/\/www.instagram.com\/annaroznicka_photography\/\",\"https:\/\/www.linkedin.com\/in\/anna-roznicka\/\",\"https:\/\/x.com\/AnnaRoznicka\"],\"url\":\"http:\/\/annaroznicka.com\/blog\/author\/admin\/\"}]}<\/script>\n<!-- \/ Yoast SEO plugin. -->","yoast_head_json":{"title":"Fotograf \u015blubny | Kasia i Micha\u0142 | Soko\u0142\u00f3w Podlaski, mazowieckie","description":"Reporta\u017c ze \u015blubu Kasi i Micha\u0142a. Wyj\u0105tkowy dzie\u0144 mia\u0142a r\u00f3wnie\u017c ich c\u00f3reczka Kaja, kt\u00f3ra przyj\u0119\u0142a Chrzest \u015awi\u0119ty","robots":{"index":"index","follow":"follow","max-snippet":"max-snippet:-1","max-image-preview":"max-image-preview:large","max-video-preview":"max-video-preview:-1"},"canonical":"http:\/\/annaroznicka.com\/blog\/2014\/kasia-michal-fotograf-slubny\/","og_locale":"pl_PL","og_type":"article","og_title":"Fotograf \u015blubny | Kasia i Micha\u0142 | Soko\u0142\u00f3w Podlaski, mazowieckie","og_description":"Reporta\u017c ze \u015blubu Kasi i Micha\u0142a. Wyj\u0105tkowy dzie\u0144 mia\u0142a r\u00f3wnie\u017c ich c\u00f3reczka Kaja, kt\u00f3ra przyj\u0119\u0142a Chrzest \u015awi\u0119ty","og_url":"http:\/\/annaroznicka.com\/blog\/2014\/kasia-michal-fotograf-slubny\/","og_site_name":"Anna R\u00f3\u017cnicka | photography","article_publisher":"https:\/\/www.facebook.com\/AnnaRoznickaPhotography\/","article_author":"https:\/\/www.facebook.com\/AnnaRoznickaPhotography\/","article_published_time":"2014-09-17T17:52:28+00:00","article_modified_time":"2026-01-05T21:41:17+00:00","og_image":[{"width":300,"height":300,"url":"http:\/\/annaroznicka.com\/blog\/wp-content\/uploads\/2014\/09\/KiM_0589.jpg","type":"image\/jpeg"}],"author":"Anna R\u00f3\u017cnicka","twitter_misc":{"Napisane przez":"Anna R\u00f3\u017cnicka","Szacowany czas czytania":"35 minut"},"schema":{"@context":"https:\/\/schema.org","@graph":[{"@type":"Article","@id":"http:\/\/annaroznicka.com\/blog\/2014\/kasia-michal-fotograf-slubny\/#article","isPartOf":{"@id":"http:\/\/annaroznicka.com\/blog\/2014\/kasia-michal-fotograf-slubny\/"},"author":{"name":"Anna R\u00f3\u017cnicka","@id":"http:\/\/annaroznicka.com\/blog\/#\/schema\/person\/8a89af41bcef3cd79a8a4cfb81e6a13d"},"headline":"Kasia i Micha\u0142 | Fotograf \u015blubny","datePublished":"2014-09-17T17:52:28+00:00","dateModified":"2026-01-05T21:41:17+00:00","mainEntityOfPage":{"@id":"http:\/\/annaroznicka.com\/blog\/2014\/kasia-michal-fotograf-slubny\/"},"wordCount":57,"commentCount":4,"publisher":{"@id":"http:\/\/annaroznicka.com\/blog\/#\/schema\/person\/8a89af41bcef3cd79a8a4cfb81e6a13d"},"image":{"@id":"http:\/\/annaroznicka.com\/blog\/2014\/kasia-michal-fotograf-slubny\/#primaryimage"},"thumbnailUrl":"http:\/\/annaroznicka.com\/blog\/wp-content\/uploads\/2014\/09\/KiM_0589.jpg","articleSection":["\u015alub"],"inLanguage":"pl-PL","potentialAction":[{"@type":"CommentAction","name":"Comment","target":["http:\/\/annaroznicka.com\/blog\/2014\/kasia-michal-fotograf-slubny\/#respond"]}]},{"@type":"WebPage","@id":"http:\/\/annaroznicka.com\/blog\/2014\/kasia-michal-fotograf-slubny\/","url":"http:\/\/annaroznicka.com\/blog\/2014\/kasia-michal-fotograf-slubny\/","name":"Fotograf \u015blubny | Kasia i Micha\u0142 | Soko\u0142\u00f3w Podlaski, mazowieckie","isPartOf":{"@id":"http:\/\/annaroznicka.com\/blog\/#website"},"primaryImageOfPage":{"@id":"http:\/\/annaroznicka.com\/blog\/2014\/kasia-michal-fotograf-slubny\/#primaryimage"},"image":{"@id":"http:\/\/annaroznicka.com\/blog\/2014\/kasia-michal-fotograf-slubny\/#primaryimage"},"thumbnailUrl":"http:\/\/annaroznicka.com\/blog\/wp-content\/uploads\/2014\/09\/KiM_0589.jpg","datePublished":"2014-09-17T17:52:28+00:00","dateModified":"2026-01-05T21:41:17+00:00","description":"Reporta\u017c ze \u015blubu Kasi i Micha\u0142a. Wyj\u0105tkowy dzie\u0144 mia\u0142a r\u00f3wnie\u017c ich c\u00f3reczka Kaja, kt\u00f3ra przyj\u0119\u0142a Chrzest \u015awi\u0119ty","breadcrumb":{"@id":"http:\/\/annaroznicka.com\/blog\/2014\/kasia-michal-fotograf-slubny\/#breadcrumb"},"inLanguage":"pl-PL","potentialAction":[{"@type":"ReadAction","target":["http:\/\/annaroznicka.com\/blog\/2014\/kasia-michal-fotograf-slubny\/"]}]},{"@type":"ImageObject","inLanguage":"pl-PL","@id":"http:\/\/annaroznicka.com\/blog\/2014\/kasia-michal-fotograf-slubny\/#primaryimage","url":"http:\/\/annaroznicka.com\/blog\/wp-content\/uploads\/2014\/09\/KiM_0589.jpg","contentUrl":"http:\/\/annaroznicka.com\/blog\/wp-content\/uploads\/2014\/09\/KiM_0589.jpg","width":300,"height":300},{"@type":"BreadcrumbList","@id":"http:\/\/annaroznicka.com\/blog\/2014\/kasia-michal-fotograf-slubny\/#breadcrumb","itemListElement":[{"@type":"ListItem","position":1,"name":"Strona g\u0142\u00f3wna","item":"http:\/\/annaroznicka.com\/blog\/"},{"@type":"ListItem","position":2,"name":"Kasia i Micha\u0142 | Fotograf \u015blubny"}]},{"@type":"WebSite","@id":"http:\/\/annaroznicka.com\/blog\/#website","url":"http:\/\/annaroznicka.com\/blog\/","name":"Anna R\u00f3\u017cnicka | photography","description":"BLOG ARCHIWALNY","publisher":{"@id":"http:\/\/annaroznicka.com\/blog\/#\/schema\/person\/8a89af41bcef3cd79a8a4cfb81e6a13d"},"potentialAction":[{"@type":"SearchAction","target":{"@type":"EntryPoint","urlTemplate":"http:\/\/annaroznicka.com\/blog\/?s={search_term_string}"},"query-input":{"@type":"PropertyValueSpecification","valueRequired":true,"valueName":"search_term_string"}}],"inLanguage":"pl-PL"},{"@type":["Person","Organization"],"@id":"http:\/\/annaroznicka.com\/blog\/#\/schema\/person\/8a89af41bcef3cd79a8a4cfb81e6a13d","name":"Anna R\u00f3\u017cnicka","image":{"@type":"ImageObject","inLanguage":"pl-PL","@id":"http:\/\/annaroznicka.com\/blog\/#\/schema\/person\/image\/","url":"http:\/\/annaroznicka.com\/blog\/wp-content\/uploads\/2026\/01\/IMG_3345poprawione2.jpg","contentUrl":"http:\/\/annaroznicka.com\/blog\/wp-content\/uploads\/2026\/01\/IMG_3345poprawione2.jpg","width":547,"height":547,"caption":"Anna R\u00f3\u017cnicka"},"logo":{"@id":"http:\/\/annaroznicka.com\/blog\/#\/schema\/person\/image\/"},"sameAs":["http:\/\/annaroznicka.com","https:\/\/www.facebook.com\/AnnaRoznickaPhotography\/","https:\/\/www.instagram.com\/annaroznicka_photography\/","https:\/\/www.linkedin.com\/in\/anna-roznicka\/","https:\/\/x.com\/AnnaRoznicka"],"url":"http:\/\/annaroznicka.com\/blog\/author\/admin\/"}]}},"uagb_featured_image_src":{"full":["http:\/\/annaroznicka.com\/blog\/wp-content\/uploads\/2014\/09\/KiM_0589.jpg",300,300,false],"thumbnail":["http:\/\/annaroznicka.com\/blog\/wp-content\/uploads\/2014\/09\/KiM_0589-150x150.jpg",150,150,true],"medium":["http:\/\/annaroznicka.com\/blog\/wp-content\/uploads\/2014\/09\/KiM_0589.jpg",300,300,false],"medium_large":["http:\/\/annaroznicka.com\/blog\/wp-content\/uploads\/2014\/09\/KiM_0589.jpg",300,300,false],"large":["http:\/\/annaroznicka.com\/blog\/wp-content\/uploads\/2014\/09\/KiM_0589.jpg",300,300,false],"1536x1536":["http:\/\/annaroznicka.com\/blog\/wp-content\/uploads\/2014\/09\/KiM_0589.jpg",300,300,false],"2048x2048":["http:\/\/annaroznicka.com\/blog\/wp-content\/uploads\/2014\/09\/KiM_0589.jpg",300,300,false],"shareaholic-thumbnail":["http:\/\/annaroznicka.com\/blog\/wp-content\/uploads\/2014\/09\/KiM_0589.jpg",300,300,false],"neve-blog":["http:\/\/annaroznicka.com\/blog\/wp-content\/uploads\/2014\/09\/KiM_0589.jpg",300,300,false]},"uagb_author_info":{"display_name":"Anna R\u00f3\u017cnicka","author_link":"http:\/\/annaroznicka.com\/blog\/author\/admin\/"},"uagb_comment_info":4,"uagb_excerpt":"Dzisiaj poka\u017c\u0119 Wam reporta\u017c ze \u015blubu Kasi i Micha\u0142a. Wyj\u0105tkowy dzie\u0144 mia\u0142a r\u00f3wnie\u017c ich c\u00f3reczka Kaja, poniewa\u017c tego samego dnia przyj\u0119\u0142a Chrzest \u015awi\u0119ty. Ceremonia: Sanktuarium Mi\u0142osierdzia Bo\u017cego w Soko\u0142owie Podlaskim Przyj\u0119cie weselne: Hotel &#8222;Stara drukarnia&#8221; r\u00f3wnie\u017c w Soko\u0142owie Podlaskim","_links":{"self":[{"href":"http:\/\/annaroznicka.com\/blog\/wp-json\/wp\/v2\/posts\/6003","targetHints":{"allow":["GET"]}}],"collection":[{"href":"http:\/\/annaroznicka.com\/blog\/wp-json\/wp\/v2\/posts"}],"about":[{"href":"http:\/\/annaroznicka.com\/blog\/wp-json\/wp\/v2\/types\/post"}],"author":[{"embeddable":true,"href":"http:\/\/annaroznicka.com\/blog\/wp-json\/wp\/v2\/users\/1"}],"replies":[{"embeddable":true,"href":"http:\/\/annaroznicka.com\/blog\/wp-json\/wp\/v2\/comments?post=6003"}],"version-history":[{"count":8,"href":"http:\/\/annaroznicka.com\/blog\/wp-json\/wp\/v2\/posts\/6003\/revisions"}],"predecessor-version":[{"id":6769,"href":"http:\/\/annaroznicka.com\/blog\/wp-json\/wp\/v2\/posts\/6003\/revisions\/6769"}],"wp:featuredmedia":[{"embeddable":true,"href":"http:\/\/annaroznicka.com\/blog\/wp-json\/wp\/v2\/media\/6007"}],"wp:attachment":[{"href":"http:\/\/annaroznicka.com\/blog\/wp-json\/wp\/v2\/media?parent=6003"}],"wp:term":[{"taxonomy":"category","embeddable":true,"href":"http:\/\/annaroznicka.com\/blog\/wp-json\/wp\/v2\/categories?post=6003"},{"taxonomy":"post_tag","embeddable":true,"href":"http:\/\/annaroznicka.com\/blog\/wp-json\/wp\/v2\/tags?post=6003"}],"curies":[{"name":"wp","href":"https:\/\/api.w.org\/{rel}","templated":true}]}}