{"id":5317,"date":"2013-03-25T20:27:14","date_gmt":"2013-03-25T19:27:14","guid":{"rendered":"http:\/\/annaroznicka.com\/blog\/?p=5317"},"modified":"2026-01-05T23:41:33","modified_gmt":"2026-01-05T22:41:33","slug":"narodziny-kaja-reportaz-z-porodu","status":"publish","type":"post","link":"http:\/\/annaroznicka.com\/blog\/2013\/narodziny-kaja-reportaz-z-porodu\/","title":{"rendered":"Narodziny Kaja | Reporta\u017c z porodu"},"content":{"rendered":"<p>D\u0142ugo zastanawia\u0142am si\u0119, co napisa\u0107\u2026 Nie da si\u0119 ukry\u0107, \u017ce m\u00f3j blog nigdy nie zawiera\u0142 d\u0142ugich wpis\u00f3w i opowie\u015bci. Staram si\u0119 przekaza\u0107 jak najwi\u0119cej za pomoc\u0105 zdj\u0119\u0107. Mam nadziej\u0119, \u017ce tak b\u0119dzie i tym razem. S\u0142owami trudno opisa\u0107 tak wyj\u0105tkowe wydarzenie jak narodziny nowej, ma\u0142ej istotki \u2013 prawdziwego cudu! Ka\u017cdy rodzic na zawsze zapami\u0119ta te emocje: chwile bezradno\u015bci, przej\u0119cia, niepewno\u015bci, \u0142zy b\u00f3lu i rado\u015bci. Ja do dzisiaj mam przed oczami obraz, kiedy ujrza\u0142am swoj\u0105 c\u00f3reczk\u0119 po raz pierwszy, i pami\u0119tam jej pierwszy p\u0142acz\u2026<\/p>\n<p><!--more--><\/p>\n<p data-start=\"807\" data-end=\"1087\">Tym razem jednak mia\u0142am inn\u0105 rol\u0119. Zosta\u0142am obdarzona niezwyk\u0142ym zaufaniem i mog\u0142am uczestniczy\u0107 w narodzinach Kaji. Mog\u0142am da\u0107 rodzicom wyj\u0105tkow\u0105 pami\u0105tk\u0119 \u2013 co\u015b, czego sama nie posiadam, a bardzo bym chcia\u0142a. Prze\u017cy\u0142am pi\u0119kne chwile, ale r\u00f3wnie\u017c zdoby\u0142am cenne do\u015bwiadczenie.<\/p>\n<p data-start=\"1089\" data-end=\"1402\">Fotografowanie porodu wymaga wyj\u0105tkowego podej\u015bcia, zrozumienia i taktu. Najtrudniejsze jest uchwycenie tego, co najpi\u0119kniejsze, pokazanie intymnej chwili i emocji, gdy samemu prze\u017cywa si\u0119 sytuacj\u0119. Trzeba by\u0107 niezauwa\u017calnym, a jednocze\u015bnie nie przegapi\u0107 \u017cadnego momentu.<\/p>\n<p>Czas ju\u017c przedstawi\u0107 Kaja!<\/p>\n<p>Kaj urodzi\u0142 si\u0119 jako wcze\u015bniak 13 marca o godzinie 5:10 nad ranem w <a href=\"http:\/\/www.szpitalzelazna.pl\/\">szpitalu \u015aw. Zofii w Warszawie<\/a>. Mia\u0142 52cm d\u0142ugo\u015bci i wa\u017cy\u0142 2,676 kg. \u015awiat przywita\u0142 Go \u015bnie\u017cyc\u0105 a rodzice oczywi\u015bcie wielk\u0105 mi\u0142o\u015bci\u0105 i czu\u0142ym u\u015bciskiem :)<\/p>\n<p>Ch\u0119tnych apraszam r\u00f3wnie\u017c do obejrzenia <a title=\"Fotografia ci\u0105\u017cowa i rodzinna\" href=\"http:\/\/annaroznicka.com\/blog\/2013\/rodzinne-oczekiwanie-sesja-ciazowa\/\"><strong>rodzinnego oczekiwania<\/strong><\/a> na Kaja :)<\/p>\n<p><img decoding=\"async\" class=\"aligncenter\" title=\"reporta\u017c z porodu\" src=\"http:\/\/annaroznicka.com\/zdjecia\/2013\/narodziny-kaja\/reportaz-z-porodu_001.jpg\" alt=\"fotografia porodowa\" \/><\/p>\n<p><img decoding=\"async\" class=\"aligncenter\" title=\"reporta\u017c z porodu\" src=\"http:\/\/annaroznicka.com\/zdjecia\/2013\/narodziny-kaja\/reportaz-z-porodu_076.jpg\" alt=\"fotografia porodowa\" \/><\/p>\n<p><img decoding=\"async\" class=\"aligncenter\" title=\"reporta\u017c z porodu\" src=\"http:\/\/annaroznicka.com\/zdjecia\/2013\/narodziny-kaja\/reportaz-z-porodu_002.jpg\" alt=\"fotografia porodowa\" \/><\/p>\n<p><img decoding=\"async\" class=\"aligncenter\" title=\"reporta\u017c z porodu\" src=\"http:\/\/annaroznicka.com\/zdjecia\/2013\/narodziny-kaja\/reportaz-z-porodu_006.jpg\" alt=\"reporta\u017c z porodu\" \/><\/p>\n<p><img decoding=\"async\" class=\"aligncenter\" title=\"reporta\u017c z porodu\" src=\"http:\/\/annaroznicka.com\/zdjecia\/2013\/narodziny-kaja\/reportaz-z-porodu_003.jpg\" alt=\"fotografia porodowa\" \/><\/p>\n<p><img decoding=\"async\" class=\"aligncenter\" title=\"reporta\u017c z porodu\" src=\"http:\/\/annaroznicka.com\/zdjecia\/2013\/narodziny-kaja\/reportaz-z-porodu_007.jpg\" alt=\"fotografia porodowa\" \/><\/p>\n<p><img decoding=\"async\" class=\"aligncenter\" title=\"reporta\u017c z porodu\" src=\"http:\/\/annaroznicka.com\/zdjecia\/2013\/narodziny-kaja\/reportaz-z-porodu_009.jpg\" alt=\"fotografia porodowa\" \/><\/p>\n<p><img decoding=\"async\" class=\"aligncenter\" title=\"reporta\u017c z porodu\" src=\"http:\/\/annaroznicka.com\/zdjecia\/2013\/narodziny-kaja\/reportaz-z-porodu_010.jpg\" alt=\"fotografia porodowa\" \/><\/p>\n<p><img decoding=\"async\" class=\"aligncenter\" title=\"reporta\u017c z porodu\" src=\"http:\/\/annaroznicka.com\/zdjecia\/2013\/narodziny-kaja\/reportaz-z-porodu_012.jpg\" alt=\"fotografia porodowa\" \/><\/p>\n<p><img decoding=\"async\" class=\"aligncenter\" title=\"reporta\u017c z porodu\" src=\"http:\/\/annaroznicka.com\/zdjecia\/2013\/narodziny-kaja\/reportaz-z-porodu_013.jpg\" alt=\"fotografia porodowa\" \/><\/p>\n<p><img decoding=\"async\" class=\"aligncenter\" title=\"reporta\u017c z porodu\" src=\"http:\/\/annaroznicka.com\/zdjecia\/2013\/narodziny-kaja\/reportaz-z-porodu_015.jpg\" alt=\"fotografia porodowa\" \/><\/p>\n<p><img decoding=\"async\" class=\"aligncenter\" title=\"reporta\u017c z porodu\" src=\"http:\/\/annaroznicka.com\/zdjecia\/2013\/narodziny-kaja\/reportaz-z-porodu_016.jpg\" alt=\"fotografia porodowa\" \/><\/p>\n<p><img decoding=\"async\" class=\"aligncenter\" title=\"reporta\u017c z porodu\" src=\"http:\/\/annaroznicka.com\/zdjecia\/2013\/narodziny-kaja\/reportaz-z-porodu_017.jpg\" alt=\"fotografia porodowa\" \/><\/p>\n<p><img decoding=\"async\" class=\"aligncenter\" title=\"reporta\u017c z porodu\" src=\"http:\/\/annaroznicka.com\/zdjecia\/2013\/narodziny-kaja\/reportaz-z-porodu_018.jpg\" alt=\"reporta\u017c z porodu\" \/><\/p>\n<p><img decoding=\"async\" class=\"aligncenter\" title=\"reporta\u017c z porodu\" src=\"http:\/\/annaroznicka.com\/zdjecia\/2013\/narodziny-kaja\/reportaz-z-porodu_021.jpg\" alt=\"fotografia porodowa\" \/><\/p>\n<p><img decoding=\"async\" class=\"aligncenter\" title=\"reporta\u017c z porodu\" src=\"http:\/\/annaroznicka.com\/zdjecia\/2013\/narodziny-kaja\/reportaz-z-porodu_022.jpg\" alt=\"fotografia porodowa\" \/><\/p>\n<p><img decoding=\"async\" class=\"aligncenter\" title=\"reporta\u017c z porodu\" src=\"http:\/\/annaroznicka.com\/zdjecia\/2013\/narodziny-kaja\/reportaz-z-porodu_024.jpg\" alt=\"fotografia porodowa\" \/><\/p>\n<p><img decoding=\"async\" class=\"aligncenter\" title=\"reporta\u017c z porodu\" src=\"http:\/\/annaroznicka.com\/zdjecia\/2013\/narodziny-kaja\/reportaz-z-porodu_025.jpg\" alt=\"reporta\u017c z porodu\" \/><\/p>\n<p><img decoding=\"async\" class=\"aligncenter\" title=\"reporta\u017c z porodu\" src=\"http:\/\/annaroznicka.com\/zdjecia\/2013\/narodziny-kaja\/reportaz-z-porodu_026.jpg\" alt=\"fotografia porodowa\" \/><\/p>\n<p><img decoding=\"async\" class=\"aligncenter\" title=\"reporta\u017c z porodu\" src=\"http:\/\/annaroznicka.com\/zdjecia\/2013\/narodziny-kaja\/reportaz-z-porodu_027.jpg\" alt=\"fotografia porodowa\" \/><\/p>\n<p><img decoding=\"async\" class=\"aligncenter\" title=\"reporta\u017c z porodu\" src=\"http:\/\/annaroznicka.com\/zdjecia\/2013\/narodziny-kaja\/reportaz-z-porodu_032.jpg\" alt=\"fotografia porodowa\" \/><\/p>\n<p><img decoding=\"async\" class=\"aligncenter\" title=\"reporta\u017c z porodu\" src=\"http:\/\/annaroznicka.com\/zdjecia\/2013\/narodziny-kaja\/reportaz-z-porodu_034.jpg\" alt=\"fotografia porodowa\" \/><\/p>\n<p><img decoding=\"async\" class=\"aligncenter\" title=\"reporta\u017c z porodu\" src=\"http:\/\/annaroznicka.com\/zdjecia\/2013\/narodziny-kaja\/reportaz-z-porodu_036.jpg\" alt=\"fotografia porodowa\" \/><\/p>\n<p><img decoding=\"async\" class=\"aligncenter\" title=\"reporta\u017c z porodu\" src=\"http:\/\/annaroznicka.com\/zdjecia\/2013\/narodziny-kaja\/reportaz-z-porodu_038.jpg\" alt=\"fotografia porodowa\" \/><\/p>\n<p><img decoding=\"async\" class=\"aligncenter\" title=\"reporta\u017c z porodu\" src=\"http:\/\/annaroznicka.com\/zdjecia\/2013\/narodziny-kaja\/reportaz-z-porodu_042.jpg\" alt=\"fotografia porodowa\" \/><\/p>\n<p><img decoding=\"async\" class=\"aligncenter\" title=\"reporta\u017c z porodu\" src=\"http:\/\/annaroznicka.com\/zdjecia\/2013\/narodziny-kaja\/reportaz-z-porodu_043.jpg\" alt=\"fotografia porodowa\" \/><\/p>\n<p><img decoding=\"async\" class=\"aligncenter\" title=\"reporta\u017c z porodu\" src=\"http:\/\/annaroznicka.com\/zdjecia\/2013\/narodziny-kaja\/reportaz-z-porodu_048.jpg\" alt=\"fotografia porodowa\" \/><\/p>\n<p><img decoding=\"async\" class=\"aligncenter\" title=\"reporta\u017c z porodu\" src=\"http:\/\/annaroznicka.com\/zdjecia\/2013\/narodziny-kaja\/reportaz-z-porodu_050.jpg\" alt=\"fotografia porodowa\" \/><\/p>\n<p><img decoding=\"async\" class=\"aligncenter\" title=\"reporta\u017c z porodu\" src=\"http:\/\/annaroznicka.com\/zdjecia\/2013\/narodziny-kaja\/reportaz-z-porodu_052.jpg\" alt=\"fotografia porodowa\" \/><\/p>\n<p><img decoding=\"async\" class=\"aligncenter\" title=\"reporta\u017c z porodu\" src=\"http:\/\/annaroznicka.com\/zdjecia\/2013\/narodziny-kaja\/reportaz-z-porodu_054.jpg\" alt=\"fotografia porodowa\" \/><\/p>\n<p><img decoding=\"async\" class=\"aligncenter\" title=\"reporta\u017c z porodu\" src=\"http:\/\/annaroznicka.com\/zdjecia\/2013\/narodziny-kaja\/reportaz-z-porodu_056.jpg\" alt=\"fotografia porodowa\" \/><\/p>\n<p><img decoding=\"async\" class=\"aligncenter\" title=\"reporta\u017c z porodu\" src=\"http:\/\/annaroznicka.com\/zdjecia\/2013\/narodziny-kaja\/reportaz-z-porodu_058.jpg\" alt=\"fotografia porodowa\" \/><\/p>\n<p><img decoding=\"async\" class=\"aligncenter\" title=\"reporta\u017c z porodu\" src=\"http:\/\/annaroznicka.com\/zdjecia\/2013\/narodziny-kaja\/reportaz-z-porodu_060.jpg\" alt=\"fotografia porodowa\" \/><\/p>\n<p><img decoding=\"async\" class=\"aligncenter\" title=\"reporta\u017c z porodu\" src=\"http:\/\/annaroznicka.com\/zdjecia\/2013\/narodziny-kaja\/reportaz-z-porodu_061.jpg\" alt=\"fotografia porodowa\" \/><\/p>\n<p><img decoding=\"async\" class=\"aligncenter\" title=\"reporta\u017c z porodu\" src=\"http:\/\/annaroznicka.com\/zdjecia\/2013\/narodziny-kaja\/reportaz-z-porodu_057.jpg\" alt=\"fotografia porodowa\" \/><\/p>\n<p><img decoding=\"async\" class=\"aligncenter\" title=\"reporta\u017c z porodu\" src=\"http:\/\/annaroznicka.com\/zdjecia\/2013\/narodziny-kaja\/reportaz-z-porodu_062.jpg\" alt=\"fotografia porodowa\" \/><\/p>\n<p><img decoding=\"async\" class=\"aligncenter\" title=\"reporta\u017c z porodu\" src=\"http:\/\/annaroznicka.com\/zdjecia\/2013\/narodziny-kaja\/reportaz-z-porodu_063.jpg\" alt=\"fotografia porodowa\" \/><\/p>\n<p><img decoding=\"async\" class=\"aligncenter\" title=\"reporta\u017c z porodu\" src=\"http:\/\/annaroznicka.com\/zdjecia\/2013\/narodziny-kaja\/reportaz-z-porodu_064.jpg\" alt=\"fotografia porodowa\" \/><\/p>\n<p><img decoding=\"async\" class=\"aligncenter\" title=\"reporta\u017c z porodu\" src=\"http:\/\/annaroznicka.com\/zdjecia\/2013\/narodziny-kaja\/reportaz-z-porodu_065.jpg\" alt=\"fotografia porodowa\" \/><\/p>\n<p><img decoding=\"async\" class=\"aligncenter\" title=\"reporta\u017c z porodu\" src=\"http:\/\/annaroznicka.com\/zdjecia\/2013\/narodziny-kaja\/reportaz-z-porodu_066.jpg\" alt=\"fotografia porodowa\" \/><\/p>\n<p><img decoding=\"async\" class=\"aligncenter\" title=\"reporta\u017c z porodu\" src=\"http:\/\/annaroznicka.com\/zdjecia\/2013\/narodziny-kaja\/reportaz-z-porodu_070.jpg\" alt=\"fotografia porodowa\" \/><\/p>\n<p><img decoding=\"async\" class=\"aligncenter\" title=\"reporta\u017c z porodu\" src=\"http:\/\/annaroznicka.com\/zdjecia\/2013\/narodziny-kaja\/reportaz-z-porodu_068.jpg\" alt=\"fotografia porodowa\" \/><\/p>\n<p><img decoding=\"async\" class=\"aligncenter\" title=\"reporta\u017c z porodu\" src=\"http:\/\/annaroznicka.com\/zdjecia\/2013\/narodziny-kaja\/reportaz-z-porodu_069.jpg\" alt=\"fotografia porodowa\" \/><\/p>\n<p><img decoding=\"async\" class=\"aligncenter\" title=\"reporta\u017c z porodu\" src=\"http:\/\/annaroznicka.com\/zdjecia\/2013\/narodziny-kaja\/reportaz-z-porodu_071.jpg\" alt=\"fotografia porodowa\" \/><\/p>\n<p><img decoding=\"async\" class=\"aligncenter\" title=\"reporta\u017c z porodu\" src=\"http:\/\/annaroznicka.com\/zdjecia\/2013\/narodziny-kaja\/reportaz-z-porodu_073.jpg\" alt=\"fotografia porodowa\" \/><\/p>\n<p><img decoding=\"async\" class=\"aligncenter\" title=\"reporta\u017c z porodu\" src=\"http:\/\/annaroznicka.com\/zdjecia\/2013\/narodziny-kaja\/reportaz-z-porodu_075.jpg\" alt=\"fotografia porodowa\" \/><\/p>\n<h3><\/h3>\n","protected":false},"excerpt":{"rendered":"<p>D\u0142ugo zastanawia\u0142am si\u0119, co napisa\u0107\u2026 Nie da si\u0119 ukry\u0107, \u017ce m\u00f3j blog nigdy nie zawiera\u0142 d\u0142ugich wpis\u00f3w i opowie\u015bci. Staram si\u0119 przekaza\u0107 jak najwi\u0119cej za pomoc\u0105 zdj\u0119\u0107. Mam nadziej\u0119, \u017ce tak b\u0119dzie i tym razem. S\u0142owami trudno opisa\u0107 tak wyj\u0105tkowe wydarzenie jak narodziny nowej, ma\u0142ej istotki \u2013 prawdziwego cudu! Ka\u017cdy rodzic na zawsze zapami\u0119ta te&hellip;&nbsp;<a href=\"http:\/\/annaroznicka.com\/blog\/2013\/narodziny-kaja-reportaz-z-porodu\/\" rel=\"bookmark\"><span class=\"screen-reader-text\">Narodziny Kaja | Reporta\u017c z porodu<\/span><\/a><\/p>\n","protected":false},"author":1,"featured_media":5354,"comment_status":"open","ping_status":"open","sticky":false,"template":"","format":"standard","meta":{"_eb_attr":"","_uag_custom_page_level_css":"","neve_meta_sidebar":"","neve_meta_container":"","neve_meta_enable_content_width":"","neve_meta_content_width":0,"neve_meta_title_alignment":"","neve_meta_author_avatar":"","neve_post_elements_order":"","neve_meta_disable_header":"","neve_meta_disable_footer":"","neve_meta_disable_title":"","_themeisle_gutenberg_block_has_review":false,"footnotes":""},"categories":[314,108,434,187],"tags":[443,446,164,452,448,450,453,454,442,451,449,445,447,444],"class_list":["post-5317","post","type-post","status-publish","format-standard","has-post-thumbnail","hentry","category-ciaza","category-niemowleta","category-porod","category-rodzinnie","tag-cud-narodzin","tag-fotograf-przy-porodzie","tag-fotografia-noworodkowa","tag-fotografia-porodowa","tag-fotografia-porodowa-warszawa","tag-porod-naturalny","tag-porod-w-sw-zofii","tag-porod-w-warszawie","tag-reportaz-z-porodu","tag-szpital-sw-zofii-w-warszawie","tag-zdjecia-noworodka","tag-zdjecia-z-narodzin","tag-zdjecia-z-porodowki","tag-zdjecia-z-porodu"],"featured_image_src":"http:\/\/annaroznicka.com\/blog\/wp-content\/uploads\/2013\/03\/reportaz-z-porodu.jpg","author_info":{"display_name":"Anna R\u00f3\u017cnicka","author_link":"http:\/\/annaroznicka.com\/blog\/author\/admin\/"},"yoast_head":"<!-- This site is optimized with the Yoast SEO plugin v26.8 - https:\/\/yoast.com\/product\/yoast-seo-wordpress\/ -->\n<title>Reporta\u017c z porodu | Narodziny Kaja | Zdj\u0119cia z porodu<\/title>\n<meta name=\"description\" content=\"Fotografowanie porodu wymaga wyj\u0105tkowego podej\u015bcia, zrozumienia i taktu. Niezwykle ci\u0119\u017ckim zadaniem jest pokaza\u0107 to co najpi\u0119kniejsze\" \/>\n<meta name=\"robots\" content=\"index, follow, max-snippet:-1, max-image-preview:large, max-video-preview:-1\" \/>\n<link rel=\"canonical\" href=\"http:\/\/annaroznicka.com\/blog\/2013\/narodziny-kaja-reportaz-z-porodu\/\" \/>\n<meta property=\"og:locale\" content=\"pl_PL\" \/>\n<meta property=\"og:type\" content=\"article\" \/>\n<meta property=\"og:title\" content=\"Reporta\u017c z porodu | Narodziny Kaja | Zdj\u0119cia z porodu\" \/>\n<meta property=\"og:description\" content=\"Fotografowanie porodu wymaga wyj\u0105tkowego podej\u015bcia, zrozumienia i taktu. Niezwykle ci\u0119\u017ckim zadaniem jest pokaza\u0107 to co najpi\u0119kniejsze\" \/>\n<meta property=\"og:url\" content=\"http:\/\/annaroznicka.com\/blog\/2013\/narodziny-kaja-reportaz-z-porodu\/\" \/>\n<meta property=\"og:site_name\" content=\"Anna R\u00f3\u017cnicka | photography\" \/>\n<meta property=\"article:publisher\" content=\"https:\/\/www.facebook.com\/AnnaRoznickaPhotography\/\" \/>\n<meta property=\"article:author\" content=\"https:\/\/www.facebook.com\/AnnaRoznickaPhotography\/\" \/>\n<meta property=\"article:published_time\" content=\"2013-03-25T19:27:14+00:00\" \/>\n<meta property=\"article:modified_time\" content=\"2026-01-05T22:41:33+00:00\" \/>\n<meta property=\"og:image\" content=\"http:\/\/annaroznicka.com\/blog\/wp-content\/uploads\/2013\/03\/reportaz-z-porodu.jpg\" \/>\n\t<meta property=\"og:image:width\" content=\"300\" \/>\n\t<meta property=\"og:image:height\" content=\"300\" \/>\n\t<meta property=\"og:image:type\" content=\"image\/jpeg\" \/>\n<meta name=\"author\" content=\"Anna R\u00f3\u017cnicka\" \/>\n<meta name=\"twitter:label1\" content=\"Napisane przez\" \/>\n\t<meta name=\"twitter:data1\" content=\"Anna R\u00f3\u017cnicka\" \/>\n\t<meta name=\"twitter:label2\" content=\"Szacowany czas czytania\" \/>\n\t<meta name=\"twitter:data2\" content=\"11 minut\" \/>\n<script type=\"application\/ld+json\" class=\"yoast-schema-graph\">{\"@context\":\"https:\/\/schema.org\",\"@graph\":[{\"@type\":\"Article\",\"@id\":\"http:\/\/annaroznicka.com\/blog\/2013\/narodziny-kaja-reportaz-z-porodu\/#article\",\"isPartOf\":{\"@id\":\"http:\/\/annaroznicka.com\/blog\/2013\/narodziny-kaja-reportaz-z-porodu\/\"},\"author\":{\"name\":\"Anna R\u00f3\u017cnicka\",\"@id\":\"http:\/\/annaroznicka.com\/blog\/#\/schema\/person\/8a89af41bcef3cd79a8a4cfb81e6a13d\"},\"headline\":\"Narodziny Kaja | Reporta\u017c z porodu\",\"datePublished\":\"2013-03-25T19:27:14+00:00\",\"dateModified\":\"2026-01-05T22:41:33+00:00\",\"mainEntityOfPage\":{\"@id\":\"http:\/\/annaroznicka.com\/blog\/2013\/narodziny-kaja-reportaz-z-porodu\/\"},\"wordCount\":259,\"commentCount\":20,\"publisher\":{\"@id\":\"http:\/\/annaroznicka.com\/blog\/#\/schema\/person\/8a89af41bcef3cd79a8a4cfb81e6a13d\"},\"image\":{\"@id\":\"http:\/\/annaroznicka.com\/blog\/2013\/narodziny-kaja-reportaz-z-porodu\/#primaryimage\"},\"thumbnailUrl\":\"http:\/\/annaroznicka.com\/blog\/wp-content\/uploads\/2013\/03\/reportaz-z-porodu.jpg\",\"keywords\":[\"cud narodzin\",\"fotograf przy porodzie\",\"fotografia noworodkowa\",\"fotografia porodowa\",\"fotografia porodowa Warszawa\",\"por\u00f3d naturalny\",\"por\u00f3d w \u015aw. Zofii\",\"por\u00f3d w Warszawie\",\"Reporta\u017c z porodu\",\"Szpital \u015aw Zofii w Warszawie\",\"zdj\u0119cia noworodka\",\"zdj\u0119cia z narodzin\",\"zdj\u0119cia z porod\u00f3wki\",\"zdj\u0119cia z porodu\"],\"articleSection\":[\"Ci\u0105\u017ca\",\"Niemowl\u0119ta\",\"Por\u00f3d\",\"Rodzinnie\"],\"inLanguage\":\"pl-PL\",\"potentialAction\":[{\"@type\":\"CommentAction\",\"name\":\"Comment\",\"target\":[\"http:\/\/annaroznicka.com\/blog\/2013\/narodziny-kaja-reportaz-z-porodu\/#respond\"]}]},{\"@type\":\"WebPage\",\"@id\":\"http:\/\/annaroznicka.com\/blog\/2013\/narodziny-kaja-reportaz-z-porodu\/\",\"url\":\"http:\/\/annaroznicka.com\/blog\/2013\/narodziny-kaja-reportaz-z-porodu\/\",\"name\":\"Reporta\u017c z porodu | Narodziny Kaja | Zdj\u0119cia z porodu\",\"isPartOf\":{\"@id\":\"http:\/\/annaroznicka.com\/blog\/#website\"},\"primaryImageOfPage\":{\"@id\":\"http:\/\/annaroznicka.com\/blog\/2013\/narodziny-kaja-reportaz-z-porodu\/#primaryimage\"},\"image\":{\"@id\":\"http:\/\/annaroznicka.com\/blog\/2013\/narodziny-kaja-reportaz-z-porodu\/#primaryimage\"},\"thumbnailUrl\":\"http:\/\/annaroznicka.com\/blog\/wp-content\/uploads\/2013\/03\/reportaz-z-porodu.jpg\",\"datePublished\":\"2013-03-25T19:27:14+00:00\",\"dateModified\":\"2026-01-05T22:41:33+00:00\",\"description\":\"Fotografowanie porodu wymaga wyj\u0105tkowego podej\u015bcia, zrozumienia i taktu. Niezwykle ci\u0119\u017ckim zadaniem jest pokaza\u0107 to co najpi\u0119kniejsze\",\"breadcrumb\":{\"@id\":\"http:\/\/annaroznicka.com\/blog\/2013\/narodziny-kaja-reportaz-z-porodu\/#breadcrumb\"},\"inLanguage\":\"pl-PL\",\"potentialAction\":[{\"@type\":\"ReadAction\",\"target\":[\"http:\/\/annaroznicka.com\/blog\/2013\/narodziny-kaja-reportaz-z-porodu\/\"]}]},{\"@type\":\"ImageObject\",\"inLanguage\":\"pl-PL\",\"@id\":\"http:\/\/annaroznicka.com\/blog\/2013\/narodziny-kaja-reportaz-z-porodu\/#primaryimage\",\"url\":\"http:\/\/annaroznicka.com\/blog\/wp-content\/uploads\/2013\/03\/reportaz-z-porodu.jpg\",\"contentUrl\":\"http:\/\/annaroznicka.com\/blog\/wp-content\/uploads\/2013\/03\/reportaz-z-porodu.jpg\",\"width\":300,\"height\":300,\"caption\":\"zdj\u0119cia z porodu\"},{\"@type\":\"BreadcrumbList\",\"@id\":\"http:\/\/annaroznicka.com\/blog\/2013\/narodziny-kaja-reportaz-z-porodu\/#breadcrumb\",\"itemListElement\":[{\"@type\":\"ListItem\",\"position\":1,\"name\":\"Strona g\u0142\u00f3wna\",\"item\":\"http:\/\/annaroznicka.com\/blog\/\"},{\"@type\":\"ListItem\",\"position\":2,\"name\":\"Narodziny Kaja | Reporta\u017c z porodu\"}]},{\"@type\":\"WebSite\",\"@id\":\"http:\/\/annaroznicka.com\/blog\/#website\",\"url\":\"http:\/\/annaroznicka.com\/blog\/\",\"name\":\"Anna R\u00f3\u017cnicka | photography\",\"description\":\"BLOG ARCHIWALNY\",\"publisher\":{\"@id\":\"http:\/\/annaroznicka.com\/blog\/#\/schema\/person\/8a89af41bcef3cd79a8a4cfb81e6a13d\"},\"potentialAction\":[{\"@type\":\"SearchAction\",\"target\":{\"@type\":\"EntryPoint\",\"urlTemplate\":\"http:\/\/annaroznicka.com\/blog\/?s={search_term_string}\"},\"query-input\":{\"@type\":\"PropertyValueSpecification\",\"valueRequired\":true,\"valueName\":\"search_term_string\"}}],\"inLanguage\":\"pl-PL\"},{\"@type\":[\"Person\",\"Organization\"],\"@id\":\"http:\/\/annaroznicka.com\/blog\/#\/schema\/person\/8a89af41bcef3cd79a8a4cfb81e6a13d\",\"name\":\"Anna R\u00f3\u017cnicka\",\"image\":{\"@type\":\"ImageObject\",\"inLanguage\":\"pl-PL\",\"@id\":\"http:\/\/annaroznicka.com\/blog\/#\/schema\/person\/image\/\",\"url\":\"http:\/\/annaroznicka.com\/blog\/wp-content\/uploads\/2026\/01\/IMG_3345poprawione2.jpg\",\"contentUrl\":\"http:\/\/annaroznicka.com\/blog\/wp-content\/uploads\/2026\/01\/IMG_3345poprawione2.jpg\",\"width\":547,\"height\":547,\"caption\":\"Anna R\u00f3\u017cnicka\"},\"logo\":{\"@id\":\"http:\/\/annaroznicka.com\/blog\/#\/schema\/person\/image\/\"},\"sameAs\":[\"http:\/\/annaroznicka.com\",\"https:\/\/www.facebook.com\/AnnaRoznickaPhotography\/\",\"https:\/\/www.instagram.com\/annaroznicka_photography\/\",\"https:\/\/www.linkedin.com\/in\/anna-roznicka\/\",\"https:\/\/x.com\/AnnaRoznicka\"],\"url\":\"http:\/\/annaroznicka.com\/blog\/author\/admin\/\"}]}<\/script>\n<!-- \/ Yoast SEO plugin. -->","yoast_head_json":{"title":"Reporta\u017c z porodu | Narodziny Kaja | Zdj\u0119cia z porodu","description":"Fotografowanie porodu wymaga wyj\u0105tkowego podej\u015bcia, zrozumienia i taktu. Niezwykle ci\u0119\u017ckim zadaniem jest pokaza\u0107 to co najpi\u0119kniejsze","robots":{"index":"index","follow":"follow","max-snippet":"max-snippet:-1","max-image-preview":"max-image-preview:large","max-video-preview":"max-video-preview:-1"},"canonical":"http:\/\/annaroznicka.com\/blog\/2013\/narodziny-kaja-reportaz-z-porodu\/","og_locale":"pl_PL","og_type":"article","og_title":"Reporta\u017c z porodu | Narodziny Kaja | Zdj\u0119cia z porodu","og_description":"Fotografowanie porodu wymaga wyj\u0105tkowego podej\u015bcia, zrozumienia i taktu. Niezwykle ci\u0119\u017ckim zadaniem jest pokaza\u0107 to co najpi\u0119kniejsze","og_url":"http:\/\/annaroznicka.com\/blog\/2013\/narodziny-kaja-reportaz-z-porodu\/","og_site_name":"Anna R\u00f3\u017cnicka | photography","article_publisher":"https:\/\/www.facebook.com\/AnnaRoznickaPhotography\/","article_author":"https:\/\/www.facebook.com\/AnnaRoznickaPhotography\/","article_published_time":"2013-03-25T19:27:14+00:00","article_modified_time":"2026-01-05T22:41:33+00:00","og_image":[{"width":300,"height":300,"url":"http:\/\/annaroznicka.com\/blog\/wp-content\/uploads\/2013\/03\/reportaz-z-porodu.jpg","type":"image\/jpeg"}],"author":"Anna R\u00f3\u017cnicka","twitter_misc":{"Napisane przez":"Anna R\u00f3\u017cnicka","Szacowany czas czytania":"11 minut"},"schema":{"@context":"https:\/\/schema.org","@graph":[{"@type":"Article","@id":"http:\/\/annaroznicka.com\/blog\/2013\/narodziny-kaja-reportaz-z-porodu\/#article","isPartOf":{"@id":"http:\/\/annaroznicka.com\/blog\/2013\/narodziny-kaja-reportaz-z-porodu\/"},"author":{"name":"Anna R\u00f3\u017cnicka","@id":"http:\/\/annaroznicka.com\/blog\/#\/schema\/person\/8a89af41bcef3cd79a8a4cfb81e6a13d"},"headline":"Narodziny Kaja | Reporta\u017c z porodu","datePublished":"2013-03-25T19:27:14+00:00","dateModified":"2026-01-05T22:41:33+00:00","mainEntityOfPage":{"@id":"http:\/\/annaroznicka.com\/blog\/2013\/narodziny-kaja-reportaz-z-porodu\/"},"wordCount":259,"commentCount":20,"publisher":{"@id":"http:\/\/annaroznicka.com\/blog\/#\/schema\/person\/8a89af41bcef3cd79a8a4cfb81e6a13d"},"image":{"@id":"http:\/\/annaroznicka.com\/blog\/2013\/narodziny-kaja-reportaz-z-porodu\/#primaryimage"},"thumbnailUrl":"http:\/\/annaroznicka.com\/blog\/wp-content\/uploads\/2013\/03\/reportaz-z-porodu.jpg","keywords":["cud narodzin","fotograf przy porodzie","fotografia noworodkowa","fotografia porodowa","fotografia porodowa Warszawa","por\u00f3d naturalny","por\u00f3d w \u015aw. Zofii","por\u00f3d w Warszawie","Reporta\u017c z porodu","Szpital \u015aw Zofii w Warszawie","zdj\u0119cia noworodka","zdj\u0119cia z narodzin","zdj\u0119cia z porod\u00f3wki","zdj\u0119cia z porodu"],"articleSection":["Ci\u0105\u017ca","Niemowl\u0119ta","Por\u00f3d","Rodzinnie"],"inLanguage":"pl-PL","potentialAction":[{"@type":"CommentAction","name":"Comment","target":["http:\/\/annaroznicka.com\/blog\/2013\/narodziny-kaja-reportaz-z-porodu\/#respond"]}]},{"@type":"WebPage","@id":"http:\/\/annaroznicka.com\/blog\/2013\/narodziny-kaja-reportaz-z-porodu\/","url":"http:\/\/annaroznicka.com\/blog\/2013\/narodziny-kaja-reportaz-z-porodu\/","name":"Reporta\u017c z porodu | Narodziny Kaja | Zdj\u0119cia z porodu","isPartOf":{"@id":"http:\/\/annaroznicka.com\/blog\/#website"},"primaryImageOfPage":{"@id":"http:\/\/annaroznicka.com\/blog\/2013\/narodziny-kaja-reportaz-z-porodu\/#primaryimage"},"image":{"@id":"http:\/\/annaroznicka.com\/blog\/2013\/narodziny-kaja-reportaz-z-porodu\/#primaryimage"},"thumbnailUrl":"http:\/\/annaroznicka.com\/blog\/wp-content\/uploads\/2013\/03\/reportaz-z-porodu.jpg","datePublished":"2013-03-25T19:27:14+00:00","dateModified":"2026-01-05T22:41:33+00:00","description":"Fotografowanie porodu wymaga wyj\u0105tkowego podej\u015bcia, zrozumienia i taktu. Niezwykle ci\u0119\u017ckim zadaniem jest pokaza\u0107 to co najpi\u0119kniejsze","breadcrumb":{"@id":"http:\/\/annaroznicka.com\/blog\/2013\/narodziny-kaja-reportaz-z-porodu\/#breadcrumb"},"inLanguage":"pl-PL","potentialAction":[{"@type":"ReadAction","target":["http:\/\/annaroznicka.com\/blog\/2013\/narodziny-kaja-reportaz-z-porodu\/"]}]},{"@type":"ImageObject","inLanguage":"pl-PL","@id":"http:\/\/annaroznicka.com\/blog\/2013\/narodziny-kaja-reportaz-z-porodu\/#primaryimage","url":"http:\/\/annaroznicka.com\/blog\/wp-content\/uploads\/2013\/03\/reportaz-z-porodu.jpg","contentUrl":"http:\/\/annaroznicka.com\/blog\/wp-content\/uploads\/2013\/03\/reportaz-z-porodu.jpg","width":300,"height":300,"caption":"zdj\u0119cia z porodu"},{"@type":"BreadcrumbList","@id":"http:\/\/annaroznicka.com\/blog\/2013\/narodziny-kaja-reportaz-z-porodu\/#breadcrumb","itemListElement":[{"@type":"ListItem","position":1,"name":"Strona g\u0142\u00f3wna","item":"http:\/\/annaroznicka.com\/blog\/"},{"@type":"ListItem","position":2,"name":"Narodziny Kaja | Reporta\u017c z porodu"}]},{"@type":"WebSite","@id":"http:\/\/annaroznicka.com\/blog\/#website","url":"http:\/\/annaroznicka.com\/blog\/","name":"Anna R\u00f3\u017cnicka | photography","description":"BLOG ARCHIWALNY","publisher":{"@id":"http:\/\/annaroznicka.com\/blog\/#\/schema\/person\/8a89af41bcef3cd79a8a4cfb81e6a13d"},"potentialAction":[{"@type":"SearchAction","target":{"@type":"EntryPoint","urlTemplate":"http:\/\/annaroznicka.com\/blog\/?s={search_term_string}"},"query-input":{"@type":"PropertyValueSpecification","valueRequired":true,"valueName":"search_term_string"}}],"inLanguage":"pl-PL"},{"@type":["Person","Organization"],"@id":"http:\/\/annaroznicka.com\/blog\/#\/schema\/person\/8a89af41bcef3cd79a8a4cfb81e6a13d","name":"Anna R\u00f3\u017cnicka","image":{"@type":"ImageObject","inLanguage":"pl-PL","@id":"http:\/\/annaroznicka.com\/blog\/#\/schema\/person\/image\/","url":"http:\/\/annaroznicka.com\/blog\/wp-content\/uploads\/2026\/01\/IMG_3345poprawione2.jpg","contentUrl":"http:\/\/annaroznicka.com\/blog\/wp-content\/uploads\/2026\/01\/IMG_3345poprawione2.jpg","width":547,"height":547,"caption":"Anna R\u00f3\u017cnicka"},"logo":{"@id":"http:\/\/annaroznicka.com\/blog\/#\/schema\/person\/image\/"},"sameAs":["http:\/\/annaroznicka.com","https:\/\/www.facebook.com\/AnnaRoznickaPhotography\/","https:\/\/www.instagram.com\/annaroznicka_photography\/","https:\/\/www.linkedin.com\/in\/anna-roznicka\/","https:\/\/x.com\/AnnaRoznicka"],"url":"http:\/\/annaroznicka.com\/blog\/author\/admin\/"}]}},"uagb_featured_image_src":{"full":["http:\/\/annaroznicka.com\/blog\/wp-content\/uploads\/2013\/03\/reportaz-z-porodu.jpg",300,300,false],"thumbnail":["http:\/\/annaroznicka.com\/blog\/wp-content\/uploads\/2013\/03\/reportaz-z-porodu-150x150.jpg",150,150,true],"medium":["http:\/\/annaroznicka.com\/blog\/wp-content\/uploads\/2013\/03\/reportaz-z-porodu.jpg",300,300,false],"medium_large":["http:\/\/annaroznicka.com\/blog\/wp-content\/uploads\/2013\/03\/reportaz-z-porodu.jpg",300,300,false],"large":["http:\/\/annaroznicka.com\/blog\/wp-content\/uploads\/2013\/03\/reportaz-z-porodu.jpg",300,300,false],"1536x1536":["http:\/\/annaroznicka.com\/blog\/wp-content\/uploads\/2013\/03\/reportaz-z-porodu.jpg",300,300,false],"2048x2048":["http:\/\/annaroznicka.com\/blog\/wp-content\/uploads\/2013\/03\/reportaz-z-porodu.jpg",300,300,false],"shareaholic-thumbnail":["http:\/\/annaroznicka.com\/blog\/wp-content\/uploads\/2013\/03\/reportaz-z-porodu.jpg",300,300,false],"neve-blog":["http:\/\/annaroznicka.com\/blog\/wp-content\/uploads\/2013\/03\/reportaz-z-porodu.jpg",300,300,false]},"uagb_author_info":{"display_name":"Anna R\u00f3\u017cnicka","author_link":"http:\/\/annaroznicka.com\/blog\/author\/admin\/"},"uagb_comment_info":20,"uagb_excerpt":"D\u0142ugo zastanawia\u0142am si\u0119, co napisa\u0107\u2026 Nie da si\u0119 ukry\u0107, \u017ce m\u00f3j blog nigdy nie zawiera\u0142 d\u0142ugich wpis\u00f3w i opowie\u015bci. Staram si\u0119 przekaza\u0107 jak najwi\u0119cej za pomoc\u0105 zdj\u0119\u0107. Mam nadziej\u0119, \u017ce tak b\u0119dzie i tym razem. S\u0142owami trudno opisa\u0107 tak wyj\u0105tkowe wydarzenie jak narodziny nowej, ma\u0142ej istotki \u2013 prawdziwego cudu! Ka\u017cdy rodzic na zawsze zapami\u0119ta te&hellip;&nbsp;Narodziny&hellip;","_links":{"self":[{"href":"http:\/\/annaroznicka.com\/blog\/wp-json\/wp\/v2\/posts\/5317","targetHints":{"allow":["GET"]}}],"collection":[{"href":"http:\/\/annaroznicka.com\/blog\/wp-json\/wp\/v2\/posts"}],"about":[{"href":"http:\/\/annaroznicka.com\/blog\/wp-json\/wp\/v2\/types\/post"}],"author":[{"embeddable":true,"href":"http:\/\/annaroznicka.com\/blog\/wp-json\/wp\/v2\/users\/1"}],"replies":[{"embeddable":true,"href":"http:\/\/annaroznicka.com\/blog\/wp-json\/wp\/v2\/comments?post=5317"}],"version-history":[{"count":62,"href":"http:\/\/annaroznicka.com\/blog\/wp-json\/wp\/v2\/posts\/5317\/revisions"}],"predecessor-version":[{"id":6787,"href":"http:\/\/annaroznicka.com\/blog\/wp-json\/wp\/v2\/posts\/5317\/revisions\/6787"}],"wp:featuredmedia":[{"embeddable":true,"href":"http:\/\/annaroznicka.com\/blog\/wp-json\/wp\/v2\/media\/5354"}],"wp:attachment":[{"href":"http:\/\/annaroznicka.com\/blog\/wp-json\/wp\/v2\/media?parent=5317"}],"wp:term":[{"taxonomy":"category","embeddable":true,"href":"http:\/\/annaroznicka.com\/blog\/wp-json\/wp\/v2\/categories?post=5317"},{"taxonomy":"post_tag","embeddable":true,"href":"http:\/\/annaroznicka.com\/blog\/wp-json\/wp\/v2\/tags?post=5317"}],"curies":[{"name":"wp","href":"https:\/\/api.w.org\/{rel}","templated":true}]}}